{"id":9510,"date":"2026-03-19T19:56:20","date_gmt":"2026-03-19T19:56:20","guid":{"rendered":"https:\/\/www.newsrecorder.ro\/app\/2026\/03\/19\/vremea-surprinzatoare-din-penultima-saptamana-de-martie-2\/"},"modified":"2026-03-19T19:56:20","modified_gmt":"2026-03-19T19:56:20","slug":"vremea-surprinzatoare-din-penultima-saptamana-de-martie-2","status":"publish","type":"post","link":"https:\/\/www.newsrecorder.ro\/app\/2026\/03\/19\/vremea-surprinzatoare-din-penultima-saptamana-de-martie-2\/","title":{"rendered":"Vremea surprinz\u0103toare din penultima s\u0103pt\u0103m\u00e2n\u0103 de martie!"},"content":{"rendered":"<p>\u00cen urm\u0103toarele zile, vremea va continua s\u0103 fie predominant frumoas\u0103 \u0219i bl\u00e2nd\u0103, cu temperaturi ce se vor situa \u00een jurul sau u\u0219or peste valorile normale specifice acestei perioade, conform prognozei ANM pentru intervalul 15\u201319 martie.<\/p>\n<p>\u00cen regiunile vestice \u0219i nord-vestice ale \u021b\u0103rii, se estimeaz\u0103 c\u0103 maximele vor atinge p\u00e2n\u0103 la 17 grade Celsius. Ziua de 15 martie \u0219i noaptea urm\u0103toare se anun\u021b\u0103 a fi mai calde dec\u00e2t \u00een mod obi\u0219nuit, \u00een special \u00een zonele intracarpatice, unde cerul va fi majoritar senin.<\/p>\n<p>\u00cen restul \u021b\u0103rii, vremea va fi variabil\u0103, iar diminea\u021ba \u0219i noaptea este posibil s\u0103 apar\u0103 nori jo\u0219i sau cea\u021b\u0103 \u00een anumite zone. Temperaturile maxime vor fluctua \u00eentre 9 \u0219i 17 grade, iar cele minime se vor \u00eencadra \u00eentre -8 \u0219i 5 grade.<\/p>\n<p>Pentru zilele de 16 \u0219i 17 martie, meteorologii prev\u0103d valori termice similare, cu cer variabil \u0219i posibile condi\u021bii de cea\u021b\u0103 sau nebulozitate joas\u0103 pe arii restr\u00e2nse, \u00een special \u00een sud-est. La altitudini mari, \u00een Carpa\u021bii Meridionali, pot ap\u0103rea precipita\u021bii slabe mixte. Maximele vor atinge aproximativ 17 grade \u00een Dealurile de Vest, iar minimele vor sc\u0103dea p\u00e2n\u0103 la -7 grade \u00een depresiunile din estul Transilvaniei.<\/p>\n<p>\u00centre 17 \u0219i 18 martie, valorile termice diurne vor r\u0103m\u00e2ne peste normalul perioadei \u00een regiunile vestice, nord-vestice \u0219i centrale, \u00een timp ce \u00een restul \u021b\u0103rii se vor apropia de mediile climatologice. Cerul va fi temporar noros, iar \u00een regiunile vestice \u0219i sud-vestice pot ap\u0103rea ploi slabe spre sear\u0103 \u0219i noapte.<\/p>\n<p>\u00cen intervalul 18\u201319 martie, regimul termic va r\u0103m\u00e2ne constant, cu temperaturi maxime \u00eentre 9 \u0219i 17 grade \u0219i minime \u00eentre -7 \u0219i 6 grade. \u00cen Moldova, se pot \u00eenregistra precipita\u021bii slabe, mixte la c\u00e2mpie \u0219i sub form\u0103 de ninsoare la munte.<\/p>\n<p>\u00cen Bucure\u0219ti, vremea se va men\u021bine stabil\u0103 \u00een urm\u0103toarele zile, cu temperaturi maxime variind \u00eentre 11 \u0219i 14 grade, iar minimele vor sc\u0103dea p\u00e2n\u0103 la valori cuprinse \u00eentre -1 \u0219i 3 grade. Cerul va fi variabil, iar la \u00eenceputul zilelor \u0219i \u00een a doua parte a nop\u021bilor se va putea observa nebulozitate joas\u0103 sau cea\u021b\u0103.<\/p>\n<p>\u00cen perioada 19\u201322 martie, meteorologii estimeaz\u0103 c\u0103 temperaturile vor r\u0103m\u00e2ne apropiate de normele specifice acestei perioade, iar probabilitatea de precipita\u021bii va fi mai ridicat\u0103 la \u00eenceputul intervalului, \u00een estul \u0219i sud-estul \u021b\u0103rii.<\/p>\n","protected":false},"excerpt":{"rendered":"<p>\u00cen urm\u0103toarele zile, vremea va continua s\u0103 fie predominant frumoas\u0103 \u0219i bl\u00e2nd\u0103, cu temperaturi ce se vor situa \u00een jurul sau u\u0219or peste valorile normale specifice acestei perioade, conform prognozei ANM pentru intervalul 15\u201319 martie. \u00cen regiunile vestice \u0219i nord-vestice ale \u021b\u0103rii, se estimeaz\u0103 c\u0103 maximele vor atinge p\u00e2n\u0103 la 17 grade Celsius. Ziua de [&hellip;]<\/p>\n","protected":false},"author":5,"featured_media":9511,"comment_status":"open","ping_status":"open","sticky":false,"template":"","format":"standard","meta":{"jnews-multi-image_gallery":[],"jnews_single_post":[],"jnews_primary_category":[],"jnews_override_counter":[],"footnotes":""},"categories":[45],"tags":[150,131,10128,5163,132,126,125,12359],"class_list":["post-9510","post","type-post","status-publish","format-standard","has-post-thumbnail","hentry","category-meteo","tag-anm","tag-ceata","tag-cer-senin","tag-martie","tag-prognoza","tag-temperaturi","tag-vreme","tag-vreme-frumoasa"],"_links":{"self":[{"href":"https:\/\/www.newsrecorder.ro\/app\/wp-json\/wp\/v2\/posts\/9510","targetHints":{"allow":["GET"]}}],"collection":[{"href":"https:\/\/www.newsrecorder.ro\/app\/wp-json\/wp\/v2\/posts"}],"about":[{"href":"https:\/\/www.newsrecorder.ro\/app\/wp-json\/wp\/v2\/types\/post"}],"author":[{"embeddable":true,"href":"https:\/\/www.newsrecorder.ro\/app\/wp-json\/wp\/v2\/users\/5"}],"replies":[{"embeddable":true,"href":"https:\/\/www.newsrecorder.ro\/app\/wp-json\/wp\/v2\/comments?post=9510"}],"version-history":[{"count":0,"href":"https:\/\/www.newsrecorder.ro\/app\/wp-json\/wp\/v2\/posts\/9510\/revisions"}],"wp:featuredmedia":[{"embeddable":true,"href":"https:\/\/www.newsrecorder.ro\/app\/wp-json\/wp\/v2\/media\/9511"}],"wp:attachment":[{"href":"https:\/\/www.newsrecorder.ro\/app\/wp-json\/wp\/v2\/media?parent=9510"}],"wp:term":[{"taxonomy":"category","embeddable":true,"href":"https:\/\/www.newsrecorder.ro\/app\/wp-json\/wp\/v2\/categories?post=9510"},{"taxonomy":"post_tag","embeddable":true,"href":"https:\/\/www.newsrecorder.ro\/app\/wp-json\/wp\/v2\/tags?post=9510"}],"curies":[{"name":"wp","href":"https:\/\/api.w.org\/{rel}","templated":true}]}}