{"id":9514,"date":"2026-03-19T19:56:51","date_gmt":"2026-03-19T19:56:51","guid":{"rendered":"https:\/\/www.newsrecorder.ro\/app\/2026\/03\/19\/cod-galben-de-vant-ce-judet-din-romania-este-afectat\/"},"modified":"2026-03-19T19:56:51","modified_gmt":"2026-03-19T19:56:51","slug":"cod-galben-de-vant-ce-judet-din-romania-este-afectat","status":"publish","type":"post","link":"https:\/\/www.newsrecorder.ro\/app\/2026\/03\/19\/cod-galben-de-vant-ce-judet-din-romania-este-afectat\/","title":{"rendered":"Cod galben de v\u00e2nt: Ce jude\u021b din Rom\u00e2nia este afectat?"},"content":{"rendered":"<p class=\"font-claude-response-body break-words whitespace-normal leading-[1.7]\">Codul galben de v\u00e2nt a fost instituit pentru jude\u021bul Cara\u0219-Severin \u00eencep\u00e2nd de vineri sear\u0103. Conform informa\u021biilor furnizate de ANM, se preconizeaz\u0103 intensific\u0103ri ale v\u00e2ntului ce pot atinge viteze de 50-60 km\/h, iar \u00een anumite zone izolate, rafalele pot ajunge p\u00e2n\u0103 la 65-70 km\/h.<\/p>\n<p class=\"font-claude-response-body break-words whitespace-normal leading-[1.7]\">Avertizarea va fi \u00een vigoare timp de aproape dou\u0103 zile, urm\u00e2nd s\u0103 expire duminic\u0103, 15 martie, la ora 14:00.<\/p>\n<p class=\"font-claude-response-body break-words whitespace-normal leading-[1.7]\">Pe l\u00e2ng\u0103 codul galben, <strong><a href=\"https:\/\/www.mediafax.ro\/meteo\/prognoza-meteo-anm-pe-patru-saptamani-surpriza-pentru-pastele-ortodox-23702217\">ANM<\/a><\/strong> a emis o informare meteorologic\u0103 distinct\u0103, valabil\u0103 \u00eentre 13 martie, ora 10:00, \u0219i 15 martie, ora 20:00. V\u00e2ntul va suferi intensific\u0103ri \u00een mai multe zone ale \u021b\u0103rii:<\/p>\n<ul class=\"[li_&amp;]:mb-0 [li_&amp;]:mt-1 [li_&amp;]:gap-1 [&amp;:not(:last-child)_ul]:pb-1 [&amp;:not(:last-child)_ol]:pb-1 list-disc flex flex-col gap-1 pl-8 mb-3\">\n<li class=\"whitespace-normal break-words pl-2\"><strong>Sudul Banatului<\/strong> \u2013 viteze de 40-45 km\/h<\/li>\n<li class=\"whitespace-normal break-words pl-2\"><strong>Nordul Moldovei<\/strong> \u2013 viteze de 40-45 km\/h<\/li>\n<li class=\"whitespace-normal break-words pl-2\"><strong>Transilvania<\/strong> \u2013 intensific\u0103ri pe arii restr\u00e2nse<\/li>\n<li class=\"whitespace-normal break-words pl-2\"><strong>Nord-estul Munteniei<\/strong> \u2013 afectat \u00eencep\u00e2nd de duminic\u0103, 15 martie<\/li>\n<\/ul>\n<p class=\"font-claude-response-body break-words whitespace-normal leading-[1.7]\">V\u00e2ntul va fi \u0219i mai puternic \u00een zonele montane, unde se estimeaz\u0103 rafale de p\u00e2n\u0103 la 80 km\/h. Aceste intensific\u0103ri se vor manifesta \u00een special pe crestele Carpa\u021bilor Meridionali \u0219i \u00een Mun\u021bii Banatului.<\/p>\n","protected":false},"excerpt":{"rendered":"<p>Codul galben de v\u00e2nt a fost instituit pentru jude\u021bul Cara\u0219-Severin \u00eencep\u00e2nd de vineri sear\u0103. Conform informa\u021biilor furnizate de ANM, se preconizeaz\u0103 intensific\u0103ri ale v\u00e2ntului ce pot atinge viteze de 50-60 km\/h, iar \u00een anumite zone izolate, rafalele pot ajunge p\u00e2n\u0103 la 65-70 km\/h. Avertizarea va fi \u00een vigoare timp de aproape dou\u0103 zile, urm\u00e2nd s\u0103 [&hellip;]<\/p>\n","protected":false},"author":5,"featured_media":9515,"comment_status":"open","ping_status":"open","sticky":false,"template":"","format":"standard","meta":{"jnews-multi-image_gallery":[],"jnews_single_post":[],"jnews_primary_category":[],"jnews_override_counter":[],"footnotes":""},"categories":[45],"tags":[150,1563,196,1422,5156,5680,137,742],"class_list":["post-9514","post","type-post","status-publish","format-standard","has-post-thumbnail","hentry","category-meteo","tag-anm","tag-avertizare-meteorologica","tag-cod-galben","tag-intensificari","tag-judetul-caras-severin","tag-rafale","tag-vant","tag-zone-montane"],"_links":{"self":[{"href":"https:\/\/www.newsrecorder.ro\/app\/wp-json\/wp\/v2\/posts\/9514","targetHints":{"allow":["GET"]}}],"collection":[{"href":"https:\/\/www.newsrecorder.ro\/app\/wp-json\/wp\/v2\/posts"}],"about":[{"href":"https:\/\/www.newsrecorder.ro\/app\/wp-json\/wp\/v2\/types\/post"}],"author":[{"embeddable":true,"href":"https:\/\/www.newsrecorder.ro\/app\/wp-json\/wp\/v2\/users\/5"}],"replies":[{"embeddable":true,"href":"https:\/\/www.newsrecorder.ro\/app\/wp-json\/wp\/v2\/comments?post=9514"}],"version-history":[{"count":0,"href":"https:\/\/www.newsrecorder.ro\/app\/wp-json\/wp\/v2\/posts\/9514\/revisions"}],"wp:featuredmedia":[{"embeddable":true,"href":"https:\/\/www.newsrecorder.ro\/app\/wp-json\/wp\/v2\/media\/9515"}],"wp:attachment":[{"href":"https:\/\/www.newsrecorder.ro\/app\/wp-json\/wp\/v2\/media?parent=9514"}],"wp:term":[{"taxonomy":"category","embeddable":true,"href":"https:\/\/www.newsrecorder.ro\/app\/wp-json\/wp\/v2\/categories?post=9514"},{"taxonomy":"post_tag","embeddable":true,"href":"https:\/\/www.newsrecorder.ro\/app\/wp-json\/wp\/v2\/tags?post=9514"}],"curies":[{"name":"wp","href":"https:\/\/api.w.org\/{rel}","templated":true}]}}