{"id":9552,"date":"2026-03-19T20:59:57","date_gmt":"2026-03-19T20:59:57","guid":{"rendered":"https:\/\/www.newsrecorder.ro\/app\/2026\/03\/19\/dublin-straluceste-de-st-patrick-500-000-de-sarbatoriti-cu-paul-mescal\/"},"modified":"2026-03-19T20:59:57","modified_gmt":"2026-03-19T20:59:57","slug":"dublin-straluceste-de-st-patrick-500-000-de-sarbatoriti-cu-paul-mescal","status":"publish","type":"post","link":"https:\/\/www.newsrecorder.ro\/app\/2026\/03\/19\/dublin-straluceste-de-st-patrick-500-000-de-sarbatoriti-cu-paul-mescal\/","title":{"rendered":"Dublin str\u0103luce\u0219te de St. Patrick: 500.000 de s\u0103rb\u0103tori\u021bi cu Paul Mescal!"},"content":{"rendered":"<p>Parada principal\u0103 a adunat un impresionant num\u0103r de peste 500.000 de spectatori, desf\u0103\u0219ur\u00e2ndu-se pe un traseu spectaculos \u00eentre Parnell Square \u0219i Kevin Street. Acest eveniment a reunit aproximativ 3.000 de participan\u021bi activi, inclusiv 12 care alegorice, \u00eentr-un adev\u0103rat spectacol vizual. Tema din acest an, \u201eRoots\u201d, a subliniat importan\u021ba identit\u0103\u021bii, tradi\u021biilor \u0219i leg\u0103turii Irlandei cu diaspora sa global\u0103, conform <a href=\"https:\/\/www.euronews.com\/video\/2026\/03\/18\/dublin-st-patricks-parade-draws-500000-as-paul-mescal-leads-festivities\" target=\"_blank\" rel=\"noopener\">Euronews<\/a>.<\/p>\n<p>Evenimentul a fost \u00eembog\u0103\u021bit de prezen\u021ba arti\u0219tilor \u0219i dansatorilor irlandezi, al\u0103turi de trupe interna\u021bionale din SUA \u0219i Sco\u021bia, momente acrobatice captivante \u0219i spectacole de strad\u0103. Muzica tradi\u021bional\u0103 irlandez\u0103 a r\u0103sunat pe str\u0103zi, iar actorul Paul Mescal, recunoscut pentru performan\u021bele sale interna\u021bionale, a avut rolul de mare\u0219al al paradei, conduc\u00e2nd festivit\u0103\u021bile cu entuziasm.<\/p>\n<p>Festivalul de patru zile din Dublin, desf\u0103\u0219urat \u00eentre 14 \u0219i 17 martie, a culminat cu aceast\u0103 parad\u0103 grandioas\u0103, transform\u00e2nd ora\u0219ul \u00eentr-un spa\u021biu cultural vibrant. Printre evenimentele de marc\u0103 s-au num\u0103rat un mare c\u00e9il\u00ed (dans tradi\u021bional) \u00een Merrion Square, concerte la 3Arena \u0219i spectacole la National Concert Hall. Organiza\u021biile implicate au subliniat c\u0103 acest festival are rolul de a celebra patrimoniul irlandez \u00eentr-un context global plin de incertitudini.<\/p>\n<p dir=\"ltr\" lang=\"en\">St Patrick Day Parade Dublin Ireland<a href=\"https:\/\/twitter.com\/hashtag\/StPatrickDay2026?src=hash&amp;ref_src=twsrc%5Etfw\">#StPatrickDay2026<\/a> <a href=\"https:\/\/t.co\/OSfeoWFruQ\">pic.twitter.com\/OSfeoWFruQ<\/a><\/p>\n<p>\u2014 Majid Hyderi (@Hussain98658745) <a href=\"https:\/\/twitter.com\/Hussain98658745\/status\/2033985918407758269?ref_src=twsrc%5Etfw\">March 17, 2026<\/a><\/p>\n<p>Ziua Sf\u00e2ntului Patrick este s\u0103rb\u0103torit\u0103 nu doar \u00een Irlanda, ci \u0219i \u00een \u00eentreaga lume. Ora\u0219e precum New York \u0219i Chicago organizeaz\u0103 anual parade similare, atr\u0103g\u00e2nd milioane de participan\u021bi \u0219i \u00eent\u0103rind leg\u0103turile culturale ale diasporei irlandeze. Cu toate acestea, evenimentul de la Dublin r\u0103m\u00e2ne cel mai autentic \u0219i simbolic, fiind considerat inima acestor s\u0103rb\u0103tori de pe tot <a href=\"https:\/\/www.mediafax.ro\/externe\/economia-europei-in-2025-cine-a-crescut-cel-mai-mult-si-de-ce-germania-ramane-in-urma-23704452\" target=\"_blank\" rel=\"noopener\">mapamond<\/a>.<\/p>\n","protected":false},"excerpt":{"rendered":"<p>Parada principal\u0103 a adunat un impresionant num\u0103r de peste 500.000 de spectatori, desf\u0103\u0219ur\u00e2ndu-se pe un traseu spectaculos \u00eentre Parnell Square \u0219i Kevin Street. Acest eveniment a reunit aproximativ 3.000 de participan\u021bi activi, inclusiv 12 care alegorice, \u00eentr-un adev\u0103rat spectacol vizual. Tema din acest an, \u201eRoots\u201d, a subliniat importan\u021ba identit\u0103\u021bii, tradi\u021biilor \u0219i leg\u0103turii Irlandei cu diaspora [&hellip;]<\/p>\n","protected":false},"author":7,"featured_media":9553,"comment_status":"open","ping_status":"open","sticky":false,"template":"","format":"standard","meta":{"jnews-multi-image_gallery":[],"jnews_single_post":[],"jnews_primary_category":[],"jnews_override_counter":[],"footnotes":""},"categories":[43],"tags":[11755,12365,245,2584,271,12364,4414,1469],"class_list":["post-9552","post","type-post","status-publish","format-standard","has-post-thumbnail","hentry","category-cultura","tag-diaspora","tag-dublin","tag-festival","tag-identitate","tag-muzica","tag-parada","tag-spectatori","tag-traditii"],"_links":{"self":[{"href":"https:\/\/www.newsrecorder.ro\/app\/wp-json\/wp\/v2\/posts\/9552","targetHints":{"allow":["GET"]}}],"collection":[{"href":"https:\/\/www.newsrecorder.ro\/app\/wp-json\/wp\/v2\/posts"}],"about":[{"href":"https:\/\/www.newsrecorder.ro\/app\/wp-json\/wp\/v2\/types\/post"}],"author":[{"embeddable":true,"href":"https:\/\/www.newsrecorder.ro\/app\/wp-json\/wp\/v2\/users\/7"}],"replies":[{"embeddable":true,"href":"https:\/\/www.newsrecorder.ro\/app\/wp-json\/wp\/v2\/comments?post=9552"}],"version-history":[{"count":0,"href":"https:\/\/www.newsrecorder.ro\/app\/wp-json\/wp\/v2\/posts\/9552\/revisions"}],"wp:featuredmedia":[{"embeddable":true,"href":"https:\/\/www.newsrecorder.ro\/app\/wp-json\/wp\/v2\/media\/9553"}],"wp:attachment":[{"href":"https:\/\/www.newsrecorder.ro\/app\/wp-json\/wp\/v2\/media?parent=9552"}],"wp:term":[{"taxonomy":"category","embeddable":true,"href":"https:\/\/www.newsrecorder.ro\/app\/wp-json\/wp\/v2\/categories?post=9552"},{"taxonomy":"post_tag","embeddable":true,"href":"https:\/\/www.newsrecorder.ro\/app\/wp-json\/wp\/v2\/tags?post=9552"}],"curies":[{"name":"wp","href":"https:\/\/api.w.org\/{rel}","templated":true}]}}