{"id":9566,"date":"2026-03-19T22:10:48","date_gmt":"2026-03-19T22:10:48","guid":{"rendered":"https:\/\/www.newsrecorder.ro\/app\/2026\/03\/19\/victorie-emotionanta-buricea-lauda-echipa-de-handbal-dupa-succesul-cu-turcia\/"},"modified":"2026-03-19T22:10:48","modified_gmt":"2026-03-19T22:10:48","slug":"victorie-emotionanta-buricea-lauda-echipa-de-handbal-dupa-succesul-cu-turcia","status":"publish","type":"post","link":"https:\/\/www.newsrecorder.ro\/app\/2026\/03\/19\/victorie-emotionanta-buricea-lauda-echipa-de-handbal-dupa-succesul-cu-turcia\/","title":{"rendered":"Victorie emo\u021bionant\u0103! Buricea laud\u0103 echipa de handbal dup\u0103 succesul cu Turcia"},"content":{"rendered":"<p>\u201eAceasta a fost o victorie extrem de important\u0103 pentru noi. De\u0219i unii ar putea considera c\u0103 meciul a fost u\u0219or, realitatea este c\u0103 nu a fost deloc simplu, mai ales av\u00e2nd \u00een vedere absen\u021bele din echip\u0103. Am fost f\u0103r\u0103 7-8 juc\u0103tori, ceea ce a complicat lucrurile. M\u0103 bucur c\u0103 tinerii care au debutat, unii dintre ei, s-au descurcat bine\u201d, a declarat George Buricea \u00eentr-un interviu acordat Federa\u021biei Rom\u00e2ne de Handbal.<\/p>\n<p>Antrenorul a adus \u00een discu\u021bie \u0219i accident\u0103rile suferite \u00een cadrul meciului disputat la Bolu, joi. \u201e\u00cemi pare r\u0103u de finalul jocului, deoarece ar fi trebuit s\u0103 fim mai serio\u0219i \u0219i s\u0103 \u00eencheiem cu un avantaj mai mare. Din p\u0103cate, am pierdut \u0219i doi juc\u0103tori importan\u021bi, pe Dani Vasile \u0219i Andras Szasz. Vreau s\u0103-l felicit pe Dani Vasile, care a avut o presta\u021bie extraordinar\u0103, chiar dac\u0103 nu era 100% apt\u201d, a ad\u0103ugat el.<\/p>\n<p>Buricea a subliniat importan\u021ba unit\u0103\u021bii echipei, consider\u00e2nd-o cheia succesului. \u201eB\u0103ie\u021bii au demonstrat c\u0103 sunt o echip\u0103 coeziv\u0103, un grup unit, iar acest lucru ne-a adus la aceast\u0103 victorie. Totu\u0219i, trebuie s\u0103 fim con\u0219tien\u021bi c\u0103 calificarea nu este \u00eenc\u0103 asigurat\u0103; mai avem meciul retur la Buz\u0103u\u201d, a concluzionat Buricea.<\/p>\n<p>Meciul de retur cu Turcia este programat s\u0103 aib\u0103 loc la Buz\u0103u, duminic\u0103, \u00eencep\u00e2nd cu ora 19:00.<\/p>\n<p>\u00cenving\u0103toarea confrunt\u0103rii dintre Turcia \u0219i Rom\u00e2nia va avea ocazia s\u0103 se confrunte cu Norvegia pentru a ob\u021bine calificarea la turneul final.<\/p>\n","protected":false},"excerpt":{"rendered":"<p>\u201eAceasta a fost o victorie extrem de important\u0103 pentru noi. De\u0219i unii ar putea considera c\u0103 meciul a fost u\u0219or, realitatea este c\u0103 nu a fost deloc simplu, mai ales av\u00e2nd \u00een vedere absen\u021bele din echip\u0103. Am fost f\u0103r\u0103 7-8 juc\u0103tori, ceea ce a complicat lucrurile. M\u0103 bucur c\u0103 tinerii care au debutat, unii dintre [&hellip;]<\/p>\n","protected":false},"author":6,"featured_media":9567,"comment_status":"open","ping_status":"open","sticky":false,"template":"","format":"standard","meta":{"jnews-multi-image_gallery":[],"jnews_single_post":[],"jnews_primary_category":[],"jnews_override_counter":[],"footnotes":""},"categories":[46],"tags":[1378,3030,82,9826,91,724,3171,64],"class_list":["post-9566","post","type-post","status-publish","format-standard","has-post-thumbnail","hentry","category-sport","tag-accidentari","tag-debut","tag-echipa","tag-george-buricea","tag-handbal","tag-jucatori","tag-succes","tag-victorie"],"_links":{"self":[{"href":"https:\/\/www.newsrecorder.ro\/app\/wp-json\/wp\/v2\/posts\/9566","targetHints":{"allow":["GET"]}}],"collection":[{"href":"https:\/\/www.newsrecorder.ro\/app\/wp-json\/wp\/v2\/posts"}],"about":[{"href":"https:\/\/www.newsrecorder.ro\/app\/wp-json\/wp\/v2\/types\/post"}],"author":[{"embeddable":true,"href":"https:\/\/www.newsrecorder.ro\/app\/wp-json\/wp\/v2\/users\/6"}],"replies":[{"embeddable":true,"href":"https:\/\/www.newsrecorder.ro\/app\/wp-json\/wp\/v2\/comments?post=9566"}],"version-history":[{"count":0,"href":"https:\/\/www.newsrecorder.ro\/app\/wp-json\/wp\/v2\/posts\/9566\/revisions"}],"wp:featuredmedia":[{"embeddable":true,"href":"https:\/\/www.newsrecorder.ro\/app\/wp-json\/wp\/v2\/media\/9567"}],"wp:attachment":[{"href":"https:\/\/www.newsrecorder.ro\/app\/wp-json\/wp\/v2\/media?parent=9566"}],"wp:term":[{"taxonomy":"category","embeddable":true,"href":"https:\/\/www.newsrecorder.ro\/app\/wp-json\/wp\/v2\/categories?post=9566"},{"taxonomy":"post_tag","embeddable":true,"href":"https:\/\/www.newsrecorder.ro\/app\/wp-json\/wp\/v2\/tags?post=9566"}],"curies":[{"name":"wp","href":"https:\/\/api.w.org\/{rel}","templated":true}]}}