{"id":9574,"date":"2026-03-19T22:12:05","date_gmt":"2026-03-19T22:12:05","guid":{"rendered":"https:\/\/www.newsrecorder.ro\/app\/2026\/03\/19\/lovitura-pentru-real-madrid-courtois-out-timp-de-o-luna\/"},"modified":"2026-03-19T22:12:05","modified_gmt":"2026-03-19T22:12:05","slug":"lovitura-pentru-real-madrid-courtois-out-timp-de-o-luna","status":"publish","type":"post","link":"https:\/\/www.newsrecorder.ro\/app\/2026\/03\/19\/lovitura-pentru-real-madrid-courtois-out-timp-de-o-luna\/","title":{"rendered":"Lovitur\u0103 pentru Real Madrid: Courtois, out timp de o lun\u0103!"},"content":{"rendered":"<p>Interna\u021bionalul belgian Thibaut Courtois a avut o problem\u0103 medical\u0103 \u00een timpul meciului disputat pe Etihad, meci pe care echipa sa, Real Madrid, l-a c\u00e2\u0219tigat. La pauza partidei, el a sim\u021bit o sl\u0103biciune muscular\u0103 \u0219i a solicitat s\u0103 fie \u00eenlocuit.<\/p>\n<p>Ini\u021bial, personalul medical a evaluat situa\u021bia ca fiind o simpl\u0103 \u00eentindere, \u00eens\u0103 investiga\u021biile ulterioare au confirmat o ruptur\u0103 muscular\u0103 la nivelul rectus femoris al cvadricepsului drept. Aceast\u0103 informa\u021bie a fost comunicat\u0103 oficial de clubul madrilen joi.<\/p>\n<p>\u00cen urma analizei tipului de accidentare, se estimeaz\u0103 c\u0103 perioada de recuperare va dura aproximativ o lun\u0103 \u0219i jum\u0103tate. Aceasta \u00eenseamn\u0103 c\u0103 Courtois va rata c\u00e2teva meciuri esen\u021biale pentru echip\u0103.<\/p>\n<p>Printre meciurile pe care le va pierde se num\u0103r\u0103 derby-ul cu Atl\u00e9tico Madrid, dar \u0219i dubla confruntare cu Bayern Munchen din sferturile de final\u0103 ale Ligii Campionilor.<\/p>\n<p>\u00cen cel mai optimist scenariu, el ar putea reveni pentru o eventual\u0103 semifinal\u0103 a competi\u021biei, programat\u0103 la sf\u00e2r\u0219itul lunii aprilie.<\/p>\n<p>Absen\u021ba lui Courtois reprezint\u0103 o lovitur\u0103 considerabil\u0103 pentru echipa madrilen\u0103, care se afl\u0103 \u00een plin\u0103 competi\u021bie pe mai multe fronturi, inclusiv \u00een La Liga, unde urmeaz\u0103 returul meciului \u201eEl Clasico\u201d \u00eempotriva FC Barcelona.<\/p>\n<p>La 33 de ani, Thibaut Courtois se afl\u0103 \u00een al optulea sezon la Real Madrid, echip\u0103 pe care a \u00eembr\u0103cat-o dup\u0103 transferul s\u0103u de la Chelsea FC \u00een 2018.<\/p>\n","protected":false},"excerpt":{"rendered":"<p>Interna\u021bionalul belgian Thibaut Courtois a avut o problem\u0103 medical\u0103 \u00een timpul meciului disputat pe Etihad, meci pe care echipa sa, Real Madrid, l-a c\u00e2\u0219tigat. La pauza partidei, el a sim\u021bit o sl\u0103biciune muscular\u0103 \u0219i a solicitat s\u0103 fie \u00eenlocuit. Ini\u021bial, personalul medical a evaluat situa\u021bia ca fiind o simpl\u0103 \u00eentindere, \u00eens\u0103 investiga\u021biile ulterioare au confirmat [&hellip;]<\/p>\n","protected":false},"author":6,"featured_media":9575,"comment_status":"open","ping_status":"open","sticky":false,"template":"","format":"standard","meta":{"jnews-multi-image_gallery":[],"jnews_single_post":[],"jnews_primary_category":[],"jnews_override_counter":[],"footnotes":""},"categories":[46],"tags":[75,2527,7544,12390,1395,585,12389,12388],"class_list":["post-9574","post","type-post","status-publish","format-standard","has-post-thumbnail","hentry","category-sport","tag-accidentare","tag-derby","tag-ligii-campionilor","tag-meciuri-esentiale","tag-real-madrid","tag-recuperare","tag-ruptura-musculara","tag-thibaut-courtois"],"_links":{"self":[{"href":"https:\/\/www.newsrecorder.ro\/app\/wp-json\/wp\/v2\/posts\/9574","targetHints":{"allow":["GET"]}}],"collection":[{"href":"https:\/\/www.newsrecorder.ro\/app\/wp-json\/wp\/v2\/posts"}],"about":[{"href":"https:\/\/www.newsrecorder.ro\/app\/wp-json\/wp\/v2\/types\/post"}],"author":[{"embeddable":true,"href":"https:\/\/www.newsrecorder.ro\/app\/wp-json\/wp\/v2\/users\/6"}],"replies":[{"embeddable":true,"href":"https:\/\/www.newsrecorder.ro\/app\/wp-json\/wp\/v2\/comments?post=9574"}],"version-history":[{"count":0,"href":"https:\/\/www.newsrecorder.ro\/app\/wp-json\/wp\/v2\/posts\/9574\/revisions"}],"wp:featuredmedia":[{"embeddable":true,"href":"https:\/\/www.newsrecorder.ro\/app\/wp-json\/wp\/v2\/media\/9575"}],"wp:attachment":[{"href":"https:\/\/www.newsrecorder.ro\/app\/wp-json\/wp\/v2\/media?parent=9574"}],"wp:term":[{"taxonomy":"category","embeddable":true,"href":"https:\/\/www.newsrecorder.ro\/app\/wp-json\/wp\/v2\/categories?post=9574"},{"taxonomy":"post_tag","embeddable":true,"href":"https:\/\/www.newsrecorder.ro\/app\/wp-json\/wp\/v2\/tags?post=9574"}],"curies":[{"name":"wp","href":"https:\/\/api.w.org\/{rel}","templated":true}]}}