{"id":9614,"date":"2026-03-20T00:41:07","date_gmt":"2026-03-20T00:41:07","guid":{"rendered":"https:\/\/www.newsrecorder.ro\/app\/2026\/03\/20\/sua-intensifica-desfasurarea-puscasilor-marini-in-orientul-mijlociu\/"},"modified":"2026-03-20T00:41:07","modified_gmt":"2026-03-20T00:41:07","slug":"sua-intensifica-desfasurarea-puscasilor-marini-in-orientul-mijlociu","status":"publish","type":"post","link":"https:\/\/www.newsrecorder.ro\/app\/2026\/03\/20\/sua-intensifica-desfasurarea-puscasilor-marini-in-orientul-mijlociu\/","title":{"rendered":"SUA intensific\u0103 desf\u0103\u0219urarea pu\u0219ca\u0219ilor marini \u00een Orientul Mijlociu"},"content":{"rendered":"<p><a href=\"https:\/\/www.nbcnews.com\/world\/iran\/live-blog\/live-updates-iran-war-energy-prices-trump-gas-field-israel-qatar-rcna264010#rcrd105094\" target=\"_blank\" rel=\"noopener\">Statele Unite<\/a> \u00ee\u0219i intensific\u0103 prezen\u021ba militar\u0103 \u00een Orientul Mijlociu prin desf\u0103\u0219urarea a \u00eenc\u0103 c\u00e2teva mii de pu\u0219ca\u0219i marini \u0219i marinari, conform informa\u021biilor furnizate de surse avizate.<\/p>\n<p>Se estimeaz\u0103 c\u0103 cea de-a 11-a Unitate Expedi\u021bionar\u0103 a Pu\u0219ca\u0219ilor Marini (MEU), care cuprinde un contingent de cel pu\u021bin 2.200 de pu\u0219ca\u0219i marini, va pleca din San Diego \u00een urm\u0103toarele zile, cu mult \u00eenainte de termenul ini\u021bial stabilit, au declarat sursele respective.<\/p>\n<p>Conform acestor informa\u021bii, a 11-a MEU se va \u00eembarca pe nava USS Boxer, o ambarca\u021biune de asalt amfibie, \u0219i va fi probabil \u00eenso\u021bit\u0103 de una sau chiar dou\u0103 nave suplimentare. Aceasta implic\u0103 mobilizarea a c\u00e2torva mii de marinari americani, consolid\u00e2nd astfel prezen\u021ba militar\u0103 a Statelor Unite \u00een regiune.<\/p>\n","protected":false},"excerpt":{"rendered":"<p>Statele Unite \u00ee\u0219i intensific\u0103 prezen\u021ba militar\u0103 \u00een Orientul Mijlociu prin desf\u0103\u0219urarea a \u00eenc\u0103 c\u00e2teva mii de pu\u0219ca\u0219i marini \u0219i marinari, conform informa\u021biilor furnizate de surse avizate. Se estimeaz\u0103 c\u0103 cea de-a 11-a Unitate Expedi\u021bionar\u0103 a Pu\u0219ca\u0219ilor Marini (MEU), care cuprinde un contingent de cel pu\u021bin 2.200 de pu\u0219ca\u0219i marini, va pleca din San Diego \u00een [&hellip;]<\/p>\n","protected":false},"author":2,"featured_media":9615,"comment_status":"open","ping_status":"open","sticky":false,"template":"","format":"standard","meta":{"jnews-multi-image_gallery":[],"jnews_single_post":[],"jnews_primary_category":[],"jnews_override_counter":[],"footnotes":""},"categories":[39],"tags":[12440,2176,12439,2211,654,12437,680,12438],"class_list":["post-9614","post","type-post","status-publish","format-standard","has-post-thumbnail","hentry","category-stirile-zilei","tag-marinari","tag-mobilizare","tag-nava-uss-boxer","tag-orientul-mijlociu","tag-prezenta-militara","tag-puscasi-marini","tag-statele-unite","tag-unitate-expeditionara"],"_links":{"self":[{"href":"https:\/\/www.newsrecorder.ro\/app\/wp-json\/wp\/v2\/posts\/9614","targetHints":{"allow":["GET"]}}],"collection":[{"href":"https:\/\/www.newsrecorder.ro\/app\/wp-json\/wp\/v2\/posts"}],"about":[{"href":"https:\/\/www.newsrecorder.ro\/app\/wp-json\/wp\/v2\/types\/post"}],"author":[{"embeddable":true,"href":"https:\/\/www.newsrecorder.ro\/app\/wp-json\/wp\/v2\/users\/2"}],"replies":[{"embeddable":true,"href":"https:\/\/www.newsrecorder.ro\/app\/wp-json\/wp\/v2\/comments?post=9614"}],"version-history":[{"count":0,"href":"https:\/\/www.newsrecorder.ro\/app\/wp-json\/wp\/v2\/posts\/9614\/revisions"}],"wp:featuredmedia":[{"embeddable":true,"href":"https:\/\/www.newsrecorder.ro\/app\/wp-json\/wp\/v2\/media\/9615"}],"wp:attachment":[{"href":"https:\/\/www.newsrecorder.ro\/app\/wp-json\/wp\/v2\/media?parent=9614"}],"wp:term":[{"taxonomy":"category","embeddable":true,"href":"https:\/\/www.newsrecorder.ro\/app\/wp-json\/wp\/v2\/categories?post=9614"},{"taxonomy":"post_tag","embeddable":true,"href":"https:\/\/www.newsrecorder.ro\/app\/wp-json\/wp\/v2\/tags?post=9614"}],"curies":[{"name":"wp","href":"https:\/\/api.w.org\/{rel}","templated":true}]}}