{"id":9616,"date":"2026-03-20T00:41:18","date_gmt":"2026-03-20T00:41:18","guid":{"rendered":"https:\/\/www.newsrecorder.ro\/app\/2026\/03\/20\/nicusor-dan-cere-scaderea-costurilor-cu-emisiile-de-carbon\/"},"modified":"2026-03-20T00:41:18","modified_gmt":"2026-03-20T00:41:18","slug":"nicusor-dan-cere-scaderea-costurilor-cu-emisiile-de-carbon","status":"publish","type":"post","link":"https:\/\/www.newsrecorder.ro\/app\/2026\/03\/20\/nicusor-dan-cere-scaderea-costurilor-cu-emisiile-de-carbon\/","title":{"rendered":"Nicu\u0219or Dan cere sc\u0103derea costurilor cu emisiile de carbon!"},"content":{"rendered":"<p>La finalul reuniunii Consiliului European de la Bruxelles, Nicu\u0219or Dan a subliniat importanta continu\u0103rii discu\u021biilor despre emisiile de carbon \u0219i certificatul de emisii de carbon, cunoscut sub acronimul ETS. El a men\u021bionat c\u0103 exist\u0103 o disponibilitate din partea Comisiei Europene de a extinde excep\u021biile pentru anumite zone industriale, astfel \u00eenc\u00e2t acestea s\u0103 nu fie obligate s\u0103 achizi\u021bioneze certificate de emisii.<\/p>\n<p>Revizuirea acestor reguli este sus\u021binut\u0103 de un grup de 10 \u021b\u0103ri care au formulat propuneri clare \u00een acest sens. Nicu\u0219or Dan a explicat c\u0103 este important ca Comisia s\u0103 emit\u0103 un num\u0103r suplimentar de certificate, ceea ce ar putea duce la o sc\u0103dere a pre\u021bului acestora. Aceast\u0103 sc\u0103dere ar avea un impact direct asupra componentei de emisii de carbon din pre\u021bul energiei.<\/p>\n<p>\u201eEste esen\u021bial ca termenul \u00een care ne asum\u0103m obiectivele de reducere a emisiilor de carbon s\u0103 fie extins, ceea ce ar contribui din nou la diminuarea valorii certificatelor\u201d, a ad\u0103ugat el. \u00cen concluzie, pre\u0219edintele a subliniat c\u0103 discu\u021bia despre mecanismul de pre\u021b \u00een energie va fi reluat\u0103 \u00een cadrul urm\u0103torului Consiliu din luna iunie.<\/p>\n","protected":false},"excerpt":{"rendered":"<p>La finalul reuniunii Consiliului European de la Bruxelles, Nicu\u0219or Dan a subliniat importanta continu\u0103rii discu\u021biilor despre emisiile de carbon \u0219i certificatul de emisii de carbon, cunoscut sub acronimul ETS. El a men\u021bionat c\u0103 exist\u0103 o disponibilitate din partea Comisiei Europene de a extinde excep\u021biile pentru anumite zone industriale, astfel \u00eenc\u00e2t acestea s\u0103 nu fie obligate [&hellip;]<\/p>\n","protected":false},"author":2,"featured_media":9617,"comment_status":"open","ping_status":"open","sticky":false,"template":"","format":"standard","meta":{"jnews-multi-image_gallery":[],"jnews_single_post":[],"jnews_primary_category":[],"jnews_override_counter":[],"footnotes":""},"categories":[39],"tags":[12442,499,291,12441,12443,286,4580,12444],"class_list":["post-9616","post","type-post","status-publish","format-standard","has-post-thumbnail","hentry","category-stirile-zilei","tag-certificat-de-emisii","tag-comisia-europeana","tag-consiliul-european","tag-emisiile-de-carbon","tag-extinderea-exceptiilor","tag-nicusor-dan","tag-pretul-energiei","tag-reducerea-emisiilor"],"_links":{"self":[{"href":"https:\/\/www.newsrecorder.ro\/app\/wp-json\/wp\/v2\/posts\/9616","targetHints":{"allow":["GET"]}}],"collection":[{"href":"https:\/\/www.newsrecorder.ro\/app\/wp-json\/wp\/v2\/posts"}],"about":[{"href":"https:\/\/www.newsrecorder.ro\/app\/wp-json\/wp\/v2\/types\/post"}],"author":[{"embeddable":true,"href":"https:\/\/www.newsrecorder.ro\/app\/wp-json\/wp\/v2\/users\/2"}],"replies":[{"embeddable":true,"href":"https:\/\/www.newsrecorder.ro\/app\/wp-json\/wp\/v2\/comments?post=9616"}],"version-history":[{"count":0,"href":"https:\/\/www.newsrecorder.ro\/app\/wp-json\/wp\/v2\/posts\/9616\/revisions"}],"wp:featuredmedia":[{"embeddable":true,"href":"https:\/\/www.newsrecorder.ro\/app\/wp-json\/wp\/v2\/media\/9617"}],"wp:attachment":[{"href":"https:\/\/www.newsrecorder.ro\/app\/wp-json\/wp\/v2\/media?parent=9616"}],"wp:term":[{"taxonomy":"category","embeddable":true,"href":"https:\/\/www.newsrecorder.ro\/app\/wp-json\/wp\/v2\/categories?post=9616"},{"taxonomy":"post_tag","embeddable":true,"href":"https:\/\/www.newsrecorder.ro\/app\/wp-json\/wp\/v2\/tags?post=9616"}],"curies":[{"name":"wp","href":"https:\/\/api.w.org\/{rel}","templated":true}]}}