{"id":9634,"date":"2026-03-20T04:57:32","date_gmt":"2026-03-20T04:57:32","guid":{"rendered":"https:\/\/www.newsrecorder.ro\/app\/2026\/03\/20\/grindeanu-bugetul-pentru-toti-romanii-nu-doar-pentru-cei-bogati\/"},"modified":"2026-03-20T04:57:32","modified_gmt":"2026-03-20T04:57:32","slug":"grindeanu-bugetul-pentru-toti-romanii-nu-doar-pentru-cei-bogati","status":"publish","type":"post","link":"https:\/\/www.newsrecorder.ro\/app\/2026\/03\/20\/grindeanu-bugetul-pentru-toti-romanii-nu-doar-pentru-cei-bogati\/","title":{"rendered":"Grindeanu: Bugetul pentru to\u021bi rom\u00e2nii, nu doar pentru cei boga\u021bi!"},"content":{"rendered":"<p style=\"text-align: left\">\u201eZero virgul\u0103, zero patru la sut\u0103 din PIB! Repet \u2013 0,04% din PIB! Adic\u0103 1 miliard de lei. Acesta este rezumatul \u00eencr\u00e2ncen\u0103rii absurde din ultimele zile\u201d, a declarat Sorin Grindeanu, liderul PSD, \u00een fa\u021ba Parlamentului.<\/p>\n<p style=\"text-align: left\">Grindeanu a subliniat c\u0103, dincolo de tensiunile politice, miza real\u0103 a fost una social\u0103. \u201eUnii au perceput aceasta ca pe o lupt\u0103 politic\u0103. Noi, \u00eens\u0103, am v\u0103zut-o ca pe o b\u0103t\u0103lie corect\u0103 pentru 3,2 milioane de familii din Rom\u00e2nia. De aceea, nu am cedat nici m\u0103car o secund\u0103 \u00een aceast\u0103 lupt\u0103. Pachetul de Solidaritate a primit finan\u021bare integral\u0103! Deci, se poate!\u201d, a afirmat el.<\/p>\n<p style=\"text-align: left\">Referitor la acuza\u021biile de \u00een\u021belegeri sub mas\u0103, Grindeanu a declarat: \u201eFals! Niciun amendament AUR nu a fost votat de PSD.\u201d<\/p>\n<p style=\"text-align: left\">\u00cen continuare, liderul social-democrat a criticat direc\u021bia economic\u0103 a coali\u021biei, men\u021bion\u00e2nd c\u0103 protocolul semnat anul trecut viza redresarea Rom\u00e2niei, nu m\u0103suri care s\u0103 afecteze categoriile vulnerabile. \u201eCredeam c\u0103 \u00een acel protocol ne-am angajat s\u0103 unific\u0103m for\u021bele pentru a redresa Rom\u00e2nia \u0219i a combate populismul \u0219i anti-europenismul. Dar oare acolo scrie c\u0103 trebuie s\u0103 prejudiciem rom\u00e2nii cu venituri mici? Oare acolo este men\u021bionat c\u0103 firmele mici trebuie s\u0103 fie \u00eenchise?\u201d a \u00eentrebat Grindeanu.<\/p>\n<p style=\"text-align: left\">Acesta a continuat s\u0103 critice direc\u021bia economic\u0103 a coali\u021biei, \u00eentreb\u00e2nd: \u201eUnde am semnat noi, cei din Coali\u021bie, c\u0103 vom sus\u021bine distrugerea economiei din toate pozi\u021biile, pr\u0103bu\u0219irea consumului \u0219i fr\u00e2narea investi\u021biilor?\u201d<\/p>\n<p style=\"text-align: left\">Liderul PSD a ad\u0103ugat c\u0103 aceste observa\u021bii nu sunt doar concluziile partidului s\u0103u: \u201eDe zece luni, aceasta este situa\u021bia! \u0218i nu o spunem noi, ci BNR-ul \u0219i organisme interna\u021bionale!\u201d<\/p>\n<p style=\"text-align: left\">Grindeanu a explicat c\u0103 PSD a acceptat s\u0103 participe la guvernare pentru a corecta dezechilibrele bugetare, nu pentru a sus\u021bine m\u0103suri care afecteaz\u0103 exclusiv persoanele cu venituri mici. El a adus \u00een discu\u021bie \u0219i mo\u0219tenirea guvernelor anterioare, afirm\u00e2nd c\u0103 actuala coali\u021bie a preluat dezechilibre acumulate de-a lungul anilor. \u201eAm format aceast\u0103 coali\u021bie pentru a corecta deficitele cauzate de 4 premieri de dreapta \u0219i unul de st\u00e2nga. Din 2020, Rom\u00e2nia se afl\u0103 \u00een procedur\u0103 de deficit excesiv\u201d, a declarat Grindeanu.<\/p>\n<p style=\"text-align: left\">\u201eSuntem de acord c\u0103 nu putem men\u021bine deficite mari pe termen lung. Totu\u0219i, a salva rom\u00e2nii pe banii lor nu este nicidecum o m\u00e2ndrie! A t\u0103ia doar de la cei vulnerabili nu reprezint\u0103 o virtute!\u201d a ad\u0103ugat el.<\/p>\n<p style=\"text-align: left\">Grindeanu a profitat de ocazie pentru a transmite un mesaj politic clar partenerilor de coali\u021bie \u0219i premierului: \u201eA venit vremea s\u0103 \u00een\u021belegem c\u0103 stabilitatea nu \u00eenseamn\u0103 s\u0103 r\u0103m\u00e2nem uni\u021bi \u0219i umili \u00een jurul conduc\u0103torului iubit. Eu nu vreau stabilitate ca \u00een Rusia sau \u00een Coreea de Nord\u201d, a afirmat liderul PSD.<\/p>\n<p style=\"text-align: left\">Critic\u00e2nd \u00eent\u00e2rzierea adopt\u0103rii bugetului, Grindeanu a spus c\u0103 Rom\u00e2nia se \u00eentoarce la o practic\u0103 specific\u0103 perioadei de dup\u0103 Revolu\u021bie. \u201eAst\u0103zi ne \u00eentoarcem, din p\u0103cate, \u00een anii \u201990. Doar \u00een haosul de dup\u0103 Revolu\u021bie s-a mai v\u0103zut adoptarea unui buget \u00een mijlocul lunii martie\u201d, a afirmat el.<\/p>\n<p style=\"text-align: left\">Acesta a men\u021bionat c\u0103 situa\u021bia social\u0103 \u0219i economic\u0103 impunea includerea unor m\u0103suri suplimentare \u00een buget. \u201eC\u00e2nd 52.000 de locuri de munc\u0103 au disp\u0103rut \u00een 10 luni, ar fi fost o dovad\u0103 de iresponsabilitate s\u0103 nu fie inclus \u00een buget Planul de Relansare Economic\u0103\u201d, a declarat Grindeanu, numind \u201epiromani economici\u201d pe cei care se bucur\u0103 c\u0103 repar\u0103 deficitul pe seama rom\u00e2nilor.<\/p>\n<p style=\"text-align: left\">Cu toate disputele, liderul PSD a precizat c\u0103 partidul s\u0103u va vota bugetul: \u201eS-a \u00eent\u00e2rziat deja nepermis de mult. Dar PSD va vota un buget care \u021bine cont \u0219i de cei mai vulnerabili dintre rom\u00e2ni.\u201d<\/p>\n<p style=\"text-align: left\">Grindeanu a criticat, de asemenea, lipsa de reac\u021bie a Guvernului la cre\u0219terea pre\u021burilor carburan\u021bilor. \u201eC\u00e2nd litrul de benzin\u0103 cre\u0219te de la o zi la alta, este o dovad\u0103 de alienare politic\u0103 s\u0103 admir\u0103m dezastrul \u00een loc s\u0103 lu\u0103m m\u0103suri urgente\u201d, a spus el, subliniind c\u0103 mini\u0219trii Energiei \u0219i Agriculturii au propus deja solu\u021bii. \u201eGuvernul trebuie s\u0103 ac\u021bioneze \u00eenainte de a se produce dezastrul\u201d, a subliniat liderul social-democrat.<\/p>\n<p style=\"text-align: left\">Pentru a eviden\u021bia ceea ce consider\u0103 a fi o nedreptate fiscal\u0103, Grindeanu a men\u021bionat tratamentul aplicat miliardarilor, comparativ cu cel rezervat persoanelor vulnerabile. \u201eMiliardarii Rom\u00e2niei, cu ma\u0219ini de colec\u021bie de sute de milioane de euro, au fost scuti\u021bi de impozite \u00een valoare de 150 de milioane de lei, \u00een timp ce persoanele cu dizabilit\u0103\u021bi nu au beneficiat de acela\u0219i tratament!\u201d, a afirmat el, ad\u0103ug\u00e2nd c\u0103 \u201ebugetul Rom\u00e2niei trebuie s\u0103 fie pentru to\u021bi rom\u00e2nii, nu doar pentru cei boga\u021bi!\u201d<\/p>\n<p style=\"text-align: left\">Grindeanu a subliniat c\u0103 partidul s\u0103u nu se opune reformelor, dar va contesta m\u0103surile care implic\u0103 doar reduceri \u0219i presiune social\u0103. \u201eNu ne opunem reformelor reale. Dar dac\u0103 reforma \u00eenseamn\u0103 doar t\u0103ieri de salarii \u0219i concedieri \u2013 da, ne opunem. Dac\u0103 reforma \u00eenseamn\u0103 s\u0103 tai de la copii \u2013 da, ne opunem\u201d, a declarat el.<\/p>\n<p style=\"text-align: left\">\u201eNu po\u021bi genera solidaritate social\u0103 \u0219i nu po\u021bi construi speran\u021b\u0103 economic\u0103 cu barda\u201d, a concluzionat liderul PSD, lans\u00e2nd un avertisment politic sever: \u201eLipsa de dialog, \u00eenc\u0103p\u0103\u021b\u00e2narea \u0219i amenin\u021b\u0103rile cu demisia nu func\u021bioneaz\u0103. Direc\u021bia trebuie schimbat\u0103. Rom\u00e2nii sunt toleran\u021bi, dar nu sunt toleran\u021bi cu cei care conduc permanent \u00een for\u021b\u0103, cu sabia ridicat\u0103. Pentru c\u0103 aceia \u2013 mai devreme sau mai t\u00e2rziu \u2013 de sabie vor pieri!\u201d<\/p>\n","protected":false},"excerpt":{"rendered":"<p>\u201eZero virgul\u0103, zero patru la sut\u0103 din PIB! Repet \u2013 0,04% din PIB! Adic\u0103 1 miliard de lei. Acesta este rezumatul \u00eencr\u00e2ncen\u0103rii absurde din ultimele zile\u201d, a declarat Sorin Grindeanu, liderul PSD, \u00een fa\u021ba Parlamentului. Grindeanu a subliniat c\u0103, dincolo de tensiunile politice, miza real\u0103 a fost una social\u0103. \u201eUnii au perceput aceasta ca pe [&hellip;]<\/p>\n","protected":false},"author":2,"featured_media":9635,"comment_status":"open","ping_status":"open","sticky":false,"template":"","format":"standard","meta":{"jnews-multi-image_gallery":[],"jnews_single_post":[],"jnews_primary_category":[],"jnews_override_counter":[],"footnotes":""},"categories":[42],"tags":[6189,12470,1461,300,1697,1482,637,3323],"class_list":["post-9634","post","type-post","status-publish","format-standard","has-post-thumbnail","hentry","category-politica","tag-categoriile-vulnerabile","tag-familii","tag-pib","tag-psd","tag-redresare","tag-solidaritate","tag-sorin-grindeanu","tag-tensiuni-politice"],"_links":{"self":[{"href":"https:\/\/www.newsrecorder.ro\/app\/wp-json\/wp\/v2\/posts\/9634","targetHints":{"allow":["GET"]}}],"collection":[{"href":"https:\/\/www.newsrecorder.ro\/app\/wp-json\/wp\/v2\/posts"}],"about":[{"href":"https:\/\/www.newsrecorder.ro\/app\/wp-json\/wp\/v2\/types\/post"}],"author":[{"embeddable":true,"href":"https:\/\/www.newsrecorder.ro\/app\/wp-json\/wp\/v2\/users\/2"}],"replies":[{"embeddable":true,"href":"https:\/\/www.newsrecorder.ro\/app\/wp-json\/wp\/v2\/comments?post=9634"}],"version-history":[{"count":0,"href":"https:\/\/www.newsrecorder.ro\/app\/wp-json\/wp\/v2\/posts\/9634\/revisions"}],"wp:featuredmedia":[{"embeddable":true,"href":"https:\/\/www.newsrecorder.ro\/app\/wp-json\/wp\/v2\/media\/9635"}],"wp:attachment":[{"href":"https:\/\/www.newsrecorder.ro\/app\/wp-json\/wp\/v2\/media?parent=9634"}],"wp:term":[{"taxonomy":"category","embeddable":true,"href":"https:\/\/www.newsrecorder.ro\/app\/wp-json\/wp\/v2\/categories?post=9634"},{"taxonomy":"post_tag","embeddable":true,"href":"https:\/\/www.newsrecorder.ro\/app\/wp-json\/wp\/v2\/tags?post=9634"}],"curies":[{"name":"wp","href":"https:\/\/api.w.org\/{rel}","templated":true}]}}