{"id":9640,"date":"2026-03-20T10:22:12","date_gmt":"2026-03-20T10:22:12","guid":{"rendered":"https:\/\/www.newsrecorder.ro\/app\/2026\/03\/20\/ierusalim-in-criza-moscheea-celebra-inchisa-in-plina-sarbatoare\/"},"modified":"2026-03-20T10:22:12","modified_gmt":"2026-03-20T10:22:12","slug":"ierusalim-in-criza-moscheea-celebra-inchisa-in-plina-sarbatoare","status":"publish","type":"post","link":"https:\/\/www.newsrecorder.ro\/app\/2026\/03\/20\/ierusalim-in-criza-moscheea-celebra-inchisa-in-plina-sarbatoare\/","title":{"rendered":"Ierusalim \u00een criz\u0103: Moscheea celebr\u0103 \u00eenchis\u0103 \u00een plin\u0103 s\u0103rb\u0103toare!"},"content":{"rendered":"<p>Moscheea Al-Aqsa din Ierusalim a fost \u00eenchis\u0103 \u00een timpul s\u0103rb\u0103torii Eid pentru prima dat\u0103 \u00een ultimele 60 de ani, conform informa\u021biilor furnizate de <a href=\"https:\/\/edition.cnn.com\/world\/live-news\/iran-war-us-israel-trump-03-20-26?t=1773999659889\" target=\"_blank\" rel=\"noopener\">CNN<\/a>.<\/p>\n<p>Decizia autorit\u0103\u021bilor israeliene de a \u00eenchide moscheea a fost luat\u0103 la \u00eenceputul conflictului din Iran, fiind invocate \u201emotive de securitate\u201d. \u00cen ciuda cererilor de redeschidere, autorit\u0103\u021bile au refuzat s\u0103 permit\u0103 accesul vineri, \u00een ziua care marcheaz\u0103 finalul lunii de post Ramadan.<\/p>\n<p>Cei care doreau s\u0103 se roage au fost nevoi\u021bi s\u0103 se adune \u00een apropierea moscheii, \u00eencerc\u00e2nd s\u0103 se apropie de por\u021bile acesteia, \u00eens\u0103 au fost dispersa\u021bi de for\u021bele de poli\u021bie. Martorii au observat \u0219i apari\u021bia unui fum \u00een zon\u0103, dar sursa acestuia r\u0103m\u00e2ne necunoscut\u0103.<\/p>\n<p>\u201eAceast\u0103 restric\u021bie f\u0103r\u0103 precedent a \u00eempiedicat mii de palestinieni s\u0103 celebreze una dintre cele mai importante ocazii religioase ale anului \u00eentr-unul dintre cele mai sfinte locuri ale Islamului\u201d, a declarat Comitetul Preziden\u021bial Superior pentru Afaceri Biserice\u0219ti din Palestina.<\/p>\n<p>Complexul Al-Aqsa, cunoscut \u0219i sub denumirea de Muntele Templului, are o semnifica\u021bie profund\u0103 at\u00e2t pentru musulmani, c\u00e2t \u0219i pentru evrei. De-a lungul ultimelor decenii, acest loc sacru a devenit o zon\u0103 de tensiune din cauza restric\u021biilor impuse musulmanilor, evacu\u0103rilor palestinienilor din zon\u0103 \u0219i proiectelor de excavare israeliene desf\u0103\u0219urate \u00een apropiere.<\/p>\n","protected":false},"excerpt":{"rendered":"<p>Moscheea Al-Aqsa din Ierusalim a fost \u00eenchis\u0103 \u00een timpul s\u0103rb\u0103torii Eid pentru prima dat\u0103 \u00een ultimele 60 de ani, conform informa\u021biilor furnizate de CNN. Decizia autorit\u0103\u021bilor israeliene de a \u00eenchide moscheea a fost luat\u0103 la \u00eenceputul conflictului din Iran, fiind invocate \u201emotive de securitate\u201d. \u00cen ciuda cererilor de redeschidere, autorit\u0103\u021bile au refuzat s\u0103 permit\u0103 accesul [&hellip;]<\/p>\n","protected":false},"author":2,"featured_media":9641,"comment_status":"open","ping_status":"open","sticky":false,"template":"","format":"standard","meta":{"jnews-multi-image_gallery":[],"jnews_single_post":[],"jnews_primary_category":[],"jnews_override_counter":[],"footnotes":""},"categories":[41],"tags":[10117,8865,12475,12474,8734,12473,12476,273],"class_list":["post-9640","post","type-post","status-publish","format-standard","has-post-thumbnail","hentry","category-externe","tag-autoritati-israeliene","tag-conflict-iran","tag-eid","tag-ierusalim","tag-islam","tag-moscheea-al-aqsa","tag-motive-de-securitate","tag-palestinieni"],"_links":{"self":[{"href":"https:\/\/www.newsrecorder.ro\/app\/wp-json\/wp\/v2\/posts\/9640","targetHints":{"allow":["GET"]}}],"collection":[{"href":"https:\/\/www.newsrecorder.ro\/app\/wp-json\/wp\/v2\/posts"}],"about":[{"href":"https:\/\/www.newsrecorder.ro\/app\/wp-json\/wp\/v2\/types\/post"}],"author":[{"embeddable":true,"href":"https:\/\/www.newsrecorder.ro\/app\/wp-json\/wp\/v2\/users\/2"}],"replies":[{"embeddable":true,"href":"https:\/\/www.newsrecorder.ro\/app\/wp-json\/wp\/v2\/comments?post=9640"}],"version-history":[{"count":0,"href":"https:\/\/www.newsrecorder.ro\/app\/wp-json\/wp\/v2\/posts\/9640\/revisions"}],"wp:featuredmedia":[{"embeddable":true,"href":"https:\/\/www.newsrecorder.ro\/app\/wp-json\/wp\/v2\/media\/9641"}],"wp:attachment":[{"href":"https:\/\/www.newsrecorder.ro\/app\/wp-json\/wp\/v2\/media?parent=9640"}],"wp:term":[{"taxonomy":"category","embeddable":true,"href":"https:\/\/www.newsrecorder.ro\/app\/wp-json\/wp\/v2\/categories?post=9640"},{"taxonomy":"post_tag","embeddable":true,"href":"https:\/\/www.newsrecorder.ro\/app\/wp-json\/wp\/v2\/tags?post=9640"}],"curies":[{"name":"wp","href":"https:\/\/api.w.org\/{rel}","templated":true}]}}