{"id":9660,"date":"2026-03-20T11:41:07","date_gmt":"2026-03-20T11:41:07","guid":{"rendered":"https:\/\/www.newsrecorder.ro\/app\/2026\/03\/20\/romania-straluceste-la-targul-international-de-carte-de-la-leipzig-2026\/"},"modified":"2026-03-20T11:41:07","modified_gmt":"2026-03-20T11:41:07","slug":"romania-straluceste-la-targul-international-de-carte-de-la-leipzig-2026","status":"publish","type":"post","link":"https:\/\/www.newsrecorder.ro\/app\/2026\/03\/20\/romania-straluceste-la-targul-international-de-carte-de-la-leipzig-2026\/","title":{"rendered":"Rom\u00e2nia str\u0103luce\u0219te la T\u00e2rgul Interna\u021bional de Carte de la Leipzig 2026!"},"content":{"rendered":"<p>T\u00e2rgul de Carte de la Leipzig se dovede\u0219te a fi un eveniment de amploare, reunind anual peste 2.000 de expozan\u021bi din diverse col\u021buri ale lumii \u0219i atr\u0103g\u00e2nd sute de mii de vizitatori. Acesta este un loc vibrant, plin de mii de lecturi, dezbateri \u0219i \u00eent\u00e2lniri cu autori, desf\u0103\u0219urate \u00een libr\u0103rii, cafenele, teatre \u0219i alte spa\u021bii culturale.<\/p>\n<p>Tema din acest an, \u201eWhere Words Flow \u2013 Literary Currents in Southeast Europe \/ Danube \u2013 Strong Currents and Between Worlds\u201d, subliniaz\u0103 importan\u021ba spa\u021biului cultural al Dun\u0103rii \u0219i promoveaz\u0103 dialogul literar \u00eentre \u021b\u0103rile riverane, inclusiv Rom\u00e2nia.<\/p>\n<p>Coordonat\u0103 de Ministerul Culturii, cu sprijinul Institutului Cultural Rom\u00e2n de la Berlin \u0219i al organiza\u021biei Traduki, prezen\u021ba Rom\u00e2niei la T\u00e2rgul de la Leipzig se va reflecta printr-un program variat, care include peste 20 de evenimente. Acestea vor cuprinde lans\u0103ri de carte, dezbateri, lecturi publice \u0219i \u00eent\u00e2lniri profesionale dedicate industriei editoriale.<\/p>\n<p>Aproximativ 30 de invita\u021bi din Rom\u00e2nia, Republica Moldova, Ucraina, Bulgaria, Germania, Austria, Slovacia, Ungaria, Elve\u021bia \u0219i Chile vor participa la aceste evenimente, contribuind la o viziune diversificat\u0103 asupra literaturii contemporane.<\/p>\n<p>Standul Rom\u00e2niei, amplasat \u00een Hala 4 (E400\/D401), se \u00eentinde pe o suprafa\u021b\u0103 de 80 de metri p\u0103tra\u021bi \u0219i va oferi vizitatorilor o selec\u021bie bogat\u0103 de literatur\u0103 rom\u00e2n\u0103 contemporan\u0103, incluz\u00e2nd peste 100 de titluri recente, dintre care 13 sunt traduceri \u00een limba german\u0103.<\/p>\n<p>Printre autorii care vor fi prezen\u021bi se num\u0103r\u0103 nume de referin\u021b\u0103 precum Gabriela Adame\u0219teanu, Robert \u0218erban, Andr\u00e1s Visky, Dana Grigorcea, Jan Cornelius, al\u0103turi de scriitori din Republica Moldova, precum Lorina B\u0103lteanu, Iulian Ciocan, Dumitru Crudu \u0219i Emilian Galaicu-P\u0103un. De asemenea, evenimentele vor include speciali\u0219ti din mediul academic \u0219i jurnalistic, printre care istoricii Cosmin Popa \u0219i jurnalistul Michael Martens, lingvistul Thede Kahl \u0219i scriitorul\/editor Ernest Wichner.<\/p>\n<p>Printre traduc\u0103torii literari care vor fi prezen\u021bi se num\u0103r\u0103 Georg Aescht, Edith Konradt, Jan Koneffke, Sabine Krause, Ingrid Baltag, Gundel Grosse, Julia Richter, Timea Tank\u00f3 \u0219i Ernest Wichner, to\u021bi av\u00e2nd un rol esen\u021bial \u00een promovarea interna\u021bional\u0103 a literaturii rom\u00e2ne.<\/p>\n<p>Programul va include discu\u021bii pe teme actuale, cum ar fi \u201eFake News ca arm\u0103. De la algoritmi la linia frontului\u201d, \u201eThe Balkans Revisited\u201d, \u201eFront literar comun: Rom\u00e2nia \u2013 Ucraina\u201d \u0219i \u201eNo more borders \u2013 autori din Republica Moldova tradu\u0219i \u00een german\u0103\u201d.<\/p>\n<p>De asemenea, vor fi lansate dou\u0103 antologii recente: \u201eFluviul. O antologie dun\u0103rean\u0103 altfel \/ Eine Donau-Anthologie den anderen Art\u201d \u0219i \u201eMecanisme de ap\u0103rare. 12 scriitori ucraineni \u00een r\u0103zboi\u201d.<\/p>\n<p>Continu\u0103, de asemenea, ini\u021biativa Bursa C\u0103r\u021bii, care faciliteaz\u0103 \u00eent\u00e2lniri \u00eentre editori, agen\u021bi literari \u0219i profesioni\u0219ti din industria editorial\u0103, av\u00e2nd un impact semnificativ asupra promov\u0103rii literaturii rom\u00e2ne pe pia\u021ba interna\u021bional\u0103.<\/p>\n<p>Participarea Rom\u00e2niei la T\u00e2rgul de Carte de la Leipzig reprezint\u0103 un pas important \u00een preg\u0103tirea pentru statutul de Invitat de Onoare la T\u00e2rgul de Carte de la Frankfurt din 2028.<\/p>\n","protected":false},"excerpt":{"rendered":"<p>T\u00e2rgul de Carte de la Leipzig se dovede\u0219te a fi un eveniment de amploare, reunind anual peste 2.000 de expozan\u021bi din diverse col\u021buri ale lumii \u0219i atr\u0103g\u00e2nd sute de mii de vizitatori. Acesta este un loc vibrant, plin de mii de lecturi, dezbateri \u0219i \u00eent\u00e2lniri cu autori, desf\u0103\u0219urate \u00een libr\u0103rii, cafenele, teatre \u0219i alte spa\u021bii [&hellip;]<\/p>\n","protected":false},"author":7,"featured_media":9661,"comment_status":"open","ping_status":"open","sticky":false,"template":"","format":"standard","meta":{"jnews-multi-image_gallery":[],"jnews_single_post":[],"jnews_primary_category":[],"jnews_override_counter":[],"footnotes":""},"categories":[43],"tags":[214,11960,6913,12502,11959,280,149,6171],"class_list":["post-9660","post","type-post","status-publish","format-standard","has-post-thumbnail","hentry","category-cultura","tag-cultura","tag-dunare","tag-evenimente","tag-expozanti","tag-leipzig","tag-literatura","tag-romania","tag-targ-de-carte"],"_links":{"self":[{"href":"https:\/\/www.newsrecorder.ro\/app\/wp-json\/wp\/v2\/posts\/9660","targetHints":{"allow":["GET"]}}],"collection":[{"href":"https:\/\/www.newsrecorder.ro\/app\/wp-json\/wp\/v2\/posts"}],"about":[{"href":"https:\/\/www.newsrecorder.ro\/app\/wp-json\/wp\/v2\/types\/post"}],"author":[{"embeddable":true,"href":"https:\/\/www.newsrecorder.ro\/app\/wp-json\/wp\/v2\/users\/7"}],"replies":[{"embeddable":true,"href":"https:\/\/www.newsrecorder.ro\/app\/wp-json\/wp\/v2\/comments?post=9660"}],"version-history":[{"count":0,"href":"https:\/\/www.newsrecorder.ro\/app\/wp-json\/wp\/v2\/posts\/9660\/revisions"}],"wp:featuredmedia":[{"embeddable":true,"href":"https:\/\/www.newsrecorder.ro\/app\/wp-json\/wp\/v2\/media\/9661"}],"wp:attachment":[{"href":"https:\/\/www.newsrecorder.ro\/app\/wp-json\/wp\/v2\/media?parent=9660"}],"wp:term":[{"taxonomy":"category","embeddable":true,"href":"https:\/\/www.newsrecorder.ro\/app\/wp-json\/wp\/v2\/categories?post=9660"},{"taxonomy":"post_tag","embeddable":true,"href":"https:\/\/www.newsrecorder.ro\/app\/wp-json\/wp\/v2\/tags?post=9660"}],"curies":[{"name":"wp","href":"https:\/\/api.w.org\/{rel}","templated":true}]}}