{"id":9664,"date":"2026-03-20T11:41:52","date_gmt":"2026-03-20T11:41:52","guid":{"rendered":"https:\/\/www.newsrecorder.ro\/app\/2026\/03\/20\/bce-in-alerta-majorarea-dobanzilor-imminenta-din-cauza-inflatiei\/"},"modified":"2026-03-20T11:41:52","modified_gmt":"2026-03-20T11:41:52","slug":"bce-in-alerta-majorarea-dobanzilor-imminenta-din-cauza-inflatiei","status":"publish","type":"post","link":"https:\/\/www.newsrecorder.ro\/app\/2026\/03\/20\/bce-in-alerta-majorarea-dobanzilor-imminenta-din-cauza-inflatiei\/","title":{"rendered":"BCE \u00een alert\u0103: Majorarea dob\u00e2nzilor imminent\u0103 din cauza infla\u021biei!"},"content":{"rendered":"<p>\u00centr-o recent\u0103 declara\u021bie pentru <a href=\"https:\/\/www.bloomberg.com\/news\/articles\/2026-03-20\/ecb-would-need-april-hike-if-price-outlook-sours-nagel-says\" target=\"_blank\" rel=\"noopener\"><strong>Bloomberg<\/strong><\/a>, Joachim Nagel, pre\u0219edintele Bundesbank, a subliniat c\u0103 \u201e\u00een condi\u021biile actuale, este posibil ca perspectiva infla\u021biei pe termen mediu s\u0103 se deterioreze \u0219i c\u0103 a\u0219tept\u0103rile infla\u021bioniste s\u0103 creasc\u0103 \u00een mod sus\u021binut, ceea ce ar \u00eensemna probabil c\u0103 ar fi necesar\u0103 o politic\u0103 monetar\u0103 mai restrictiv\u0103\u201d.<\/p>\n<p>Nagel a afirmat c\u0103 se a\u0219teapt\u0103 date mai fiabile cu privire la acest subiect p\u00e2n\u0103 la urm\u0103toarea \u00eent\u00e2lnire a Consiliului guvernatorilor B\u0103ncii Centrale Europene (BCE), programat\u0103 \u00een aproximativ \u0219ase s\u0103pt\u0103m\u00e2ni.<\/p>\n<p>\u00cen continuare, el a amintit de impactul semnificativ al cre\u0219terii pre\u021burilor, provocat de invazia Rusiei \u00een Ucraina din 2022, men\u021bion\u00e2nd c\u0103 aceast\u0103 experien\u021b\u0103 \u201eva juca un rol important \u00een acest context\u201d, de\u0219i a subliniat c\u0103 BCE \u201ese afl\u0103 ast\u0103zi \u00eentr-o pozi\u021bie de plecare mai bun\u0103\u201d.<\/p>\n<p>Aceste comentarii vin pe fondul \u00eengrijor\u0103rilor cresc\u00e2nde legate de cre\u0219terea pre\u021burilor energiei, \u00een special \u00een urma conflictului din <a href=\"https:\/\/www.mediafax.ro\/externe\/a-inceput-operatiunea-militara-de-redeschidere-a-stramtorii-ormuz-avioanele-si-elicopterele-militare-americane-implicate-23706865\">Orientul Mijlociu<\/a>, care amenin\u021b\u0103 s\u0103 impulsioneze infla\u021bia \u0219i s\u0103 \u00eencetineasc\u0103 ritmul de cre\u0219tere economic\u0103.<\/p>\n","protected":false},"excerpt":{"rendered":"<p>\u00centr-o recent\u0103 declara\u021bie pentru Bloomberg, Joachim Nagel, pre\u0219edintele Bundesbank, a subliniat c\u0103 \u201e\u00een condi\u021biile actuale, este posibil ca perspectiva infla\u021biei pe termen mediu s\u0103 se deterioreze \u0219i c\u0103 a\u0219tept\u0103rile infla\u021bioniste s\u0103 creasc\u0103 \u00een mod sus\u021binut, ceea ce ar \u00eensemna probabil c\u0103 ar fi necesar\u0103 o politic\u0103 monetar\u0103 mai restrictiv\u0103\u201d. Nagel a afirmat c\u0103 se a\u0219teapt\u0103 [&hellip;]<\/p>\n","protected":false},"author":4,"featured_media":9665,"comment_status":"open","ping_status":"open","sticky":false,"template":"","format":"standard","meta":{"jnews-multi-image_gallery":[],"jnews_single_post":[],"jnews_primary_category":[],"jnews_override_counter":[],"footnotes":""},"categories":[40],"tags":[12504,6617,12503,778,10719,5962,3216,682],"class_list":["post-9664","post","type-post","status-publish","format-standard","has-post-thumbnail","hentry","category-econonie","tag-asteptari-inflationiste","tag-bce","tag-bundesbank","tag-inflatie","tag-joachim-nagel","tag-politica-monetara","tag-preturi-energie","tag-ucraina"],"_links":{"self":[{"href":"https:\/\/www.newsrecorder.ro\/app\/wp-json\/wp\/v2\/posts\/9664","targetHints":{"allow":["GET"]}}],"collection":[{"href":"https:\/\/www.newsrecorder.ro\/app\/wp-json\/wp\/v2\/posts"}],"about":[{"href":"https:\/\/www.newsrecorder.ro\/app\/wp-json\/wp\/v2\/types\/post"}],"author":[{"embeddable":true,"href":"https:\/\/www.newsrecorder.ro\/app\/wp-json\/wp\/v2\/users\/4"}],"replies":[{"embeddable":true,"href":"https:\/\/www.newsrecorder.ro\/app\/wp-json\/wp\/v2\/comments?post=9664"}],"version-history":[{"count":0,"href":"https:\/\/www.newsrecorder.ro\/app\/wp-json\/wp\/v2\/posts\/9664\/revisions"}],"wp:featuredmedia":[{"embeddable":true,"href":"https:\/\/www.newsrecorder.ro\/app\/wp-json\/wp\/v2\/media\/9665"}],"wp:attachment":[{"href":"https:\/\/www.newsrecorder.ro\/app\/wp-json\/wp\/v2\/media?parent=9664"}],"wp:term":[{"taxonomy":"category","embeddable":true,"href":"https:\/\/www.newsrecorder.ro\/app\/wp-json\/wp\/v2\/categories?post=9664"},{"taxonomy":"post_tag","embeddable":true,"href":"https:\/\/www.newsrecorder.ro\/app\/wp-json\/wp\/v2\/tags?post=9664"}],"curies":[{"name":"wp","href":"https:\/\/api.w.org\/{rel}","templated":true}]}}