{"id":967,"date":"2026-01-30T18:58:02","date_gmt":"2026-01-30T18:58:02","guid":{"rendered":"https:\/\/www.newsrecorder.ro\/app\/2026\/01\/30\/patrimoniul-national-bunurile-pot-parasi-romania-doar-temporar\/"},"modified":"2026-01-30T18:58:02","modified_gmt":"2026-01-30T18:58:02","slug":"patrimoniul-national-bunurile-pot-parasi-romania-doar-temporar","status":"publish","type":"post","link":"https:\/\/www.newsrecorder.ro\/app\/2026\/01\/30\/patrimoniul-national-bunurile-pot-parasi-romania-doar-temporar\/","title":{"rendered":"Patrimoniul na\u021bional: Bunurile pot p\u0103r\u0103si Rom\u00e2nia doar temporar!"},"content":{"rendered":"<p>Noua ordonan\u021b\u0103 are ca scop facilitarea promov\u0103rii bunurilor culturale valoroase, at\u00e2t pe plan intern, c\u00e2t \u0219i interna\u021bional, f\u0103r\u0103 a compromite integritatea sau valoarea acestora.<\/p>\n<p><strong>Ce prevede ordonan\u021ba<\/strong><\/p>\n<p>Conform acestui act normativ, bunurile din patrimoniul cultural mobil nu vor mai fi considerate doar obiecte de muzeu destinate exclusiv expunerii pasive. Ordonan\u021ba permite utilizarea efectiv\u0103 a acestor bunuri \u00een proiecte culturale, cu respectarea unor condi\u021bii stricte.<\/p>\n<p>De exemplu, o vioar\u0103 Stradivarius poate fi folosit\u0103 \u00een cadrul concertelor, iar obiectele de valoare tehnic\u0103 pot fi incluse \u00een diverse evenimente culturale sau educa\u021bionale.<\/p>\n<p>Autorit\u0103\u021bile subliniaz\u0103 c\u0103 orice utilizare va fi posibil\u0103 numai cu respectarea normelor de conservare, securitate \u0219i siguran\u021b\u0103, pentru a preveni deteriorarea \u0219i riscurile asociate.<\/p>\n<p><strong>Contracte mai clare \u0219i obliga\u021bii stricte<\/strong><\/p>\n<p>Un aspect important al ordonan\u021bei se refer\u0103 la clarificarea regimului contractelor pentru bunurile expuse la expozi\u021bii, restaurare sau expertizare, at\u00e2t pe plan na\u021bional, c\u00e2t \u0219i interna\u021bional.<\/p>\n<p>Institu\u021biile sau companiile care vor utiliza aceste bunuri au obliga\u021bia legal\u0103 de a asigura paza, transportul, asigurarea \u0219i condi\u021biile adecvate de depozitare. Scopul acestor m\u0103suri este de a reduce riscurile \u0219i de a responsabiliza persoanele care intr\u0103 temporar \u00een posesia unor bunuri de valoare excep\u021bional\u0103.<\/p>\n<p><strong>Reguli stricte de export<\/strong><\/p>\n<p>\u00cen ceea ce prive\u0219te exportul, ordonan\u021ba stabile\u0219te clar c\u0103 bunurile clasate care apar\u021bin statului sau autorit\u0103\u021bilor locale nu pot fi scoase definitiv din Rom\u00e2nia. Acestea pot fi exportate doar temporar, exclusiv pentru expozi\u021bii, cercetare, restaurare sau proiecte culturale, av\u00e2nd asigurare complet\u0103.<\/p>\n<p>Reguli similare se aplic\u0103 \u0219i bunurilor din categoria \u201eTezaur\u201d aflate \u00een proprietate privat\u0103. Cererile de export deja depuse vor fi supuse prevederilor legale \u00een vigoare la momentul solicit\u0103rii.<\/p>\n<p>\u00cen termen de maximum 30 de zile de la intrarea \u00een vigoare a ordonan\u021bei, normele metodologice referitoare la exportul bunurilor culturale mobile vor fi actualizate pentru a se alinia noilor reglement\u0103ri.<\/p>\n","protected":false},"excerpt":{"rendered":"<p>Noua ordonan\u021b\u0103 are ca scop facilitarea promov\u0103rii bunurilor culturale valoroase, at\u00e2t pe plan intern, c\u00e2t \u0219i interna\u021bional, f\u0103r\u0103 a compromite integritatea sau valoarea acestora. Ce prevede ordonan\u021ba Conform acestui act normativ, bunurile din patrimoniul cultural mobil nu vor mai fi considerate doar obiecte de muzeu destinate exclusiv expunerii pasive. Ordonan\u021ba permite utilizarea efectiv\u0103 a acestor [&hellip;]<\/p>\n","protected":false},"author":2,"featured_media":968,"comment_status":"open","ping_status":"open","sticky":false,"template":"","format":"standard","meta":{"jnews-multi-image_gallery":[],"jnews_single_post":[],"jnews_primary_category":[],"jnews_override_counter":[],"footnotes":""},"categories":[41],"tags":[1739,1277,1741,934,1740,874,1743,1742],"class_list":["post-967","post","type-post","status-publish","format-standard","has-post-thumbnail","hentry","category-externe","tag-bunuri-culturale","tag-conservare","tag-evenimente-culturale","tag-ordonanta","tag-patrimoniu","tag-securitate","tag-stradivarius","tag-utilizare"],"_links":{"self":[{"href":"https:\/\/www.newsrecorder.ro\/app\/wp-json\/wp\/v2\/posts\/967","targetHints":{"allow":["GET"]}}],"collection":[{"href":"https:\/\/www.newsrecorder.ro\/app\/wp-json\/wp\/v2\/posts"}],"about":[{"href":"https:\/\/www.newsrecorder.ro\/app\/wp-json\/wp\/v2\/types\/post"}],"author":[{"embeddable":true,"href":"https:\/\/www.newsrecorder.ro\/app\/wp-json\/wp\/v2\/users\/2"}],"replies":[{"embeddable":true,"href":"https:\/\/www.newsrecorder.ro\/app\/wp-json\/wp\/v2\/comments?post=967"}],"version-history":[{"count":0,"href":"https:\/\/www.newsrecorder.ro\/app\/wp-json\/wp\/v2\/posts\/967\/revisions"}],"wp:featuredmedia":[{"embeddable":true,"href":"https:\/\/www.newsrecorder.ro\/app\/wp-json\/wp\/v2\/media\/968"}],"wp:attachment":[{"href":"https:\/\/www.newsrecorder.ro\/app\/wp-json\/wp\/v2\/media?parent=967"}],"wp:term":[{"taxonomy":"category","embeddable":true,"href":"https:\/\/www.newsrecorder.ro\/app\/wp-json\/wp\/v2\/categories?post=967"},{"taxonomy":"post_tag","embeddable":true,"href":"https:\/\/www.newsrecorder.ro\/app\/wp-json\/wp\/v2\/tags?post=967"}],"curies":[{"name":"wp","href":"https:\/\/api.w.org\/{rel}","templated":true}]}}