{"id":9670,"date":"2026-03-20T11:43:14","date_gmt":"2026-03-20T11:43:14","guid":{"rendered":"https:\/\/www.newsrecorder.ro\/app\/2026\/03\/20\/romania-lanseaza-licitatia-pentru-un-nou-drum-expres\/"},"modified":"2026-03-20T11:43:14","modified_gmt":"2026-03-20T11:43:14","slug":"romania-lanseaza-licitatia-pentru-un-nou-drum-expres","status":"publish","type":"post","link":"https:\/\/www.newsrecorder.ro\/app\/2026\/03\/20\/romania-lanseaza-licitatia-pentru-un-nou-drum-expres\/","title":{"rendered":"Rom\u00e2nia lanseaz\u0103 licita\u021bia pentru un nou drum expres!"},"content":{"rendered":"<p>Ministrul Transporturilor, Ciprian \u0218erban, a f\u0103cut un anun\u021b important pe re\u021belele de socializare, aduc\u00e2nd ve\u0219ti promi\u021b\u0103toare pentru infrastructura din Rom\u00e2nia.<\/p>\n<p>\u201eProiectul Drumului Expres Aeroportul Henri Coand\u0103 (Otopeni) \u2013 Autostrada A0 a intrat, \u00eencep\u00e2nd de ast\u0103zi, \u00een etapa de licita\u021bie pentru proiectare \u0219i execu\u021bie. Acest drum de mare vitez\u0103 va fi construit \u00een Rom\u00e2nia, reprezent\u00e2nd primul drum expres din jude\u021bul Ilfov \u0219i o conexiune esen\u021bial\u0103 pentru viitorul Terminal 2 al celui mai important aeroport din \u021bar\u0103\u201d, a declarat ministrul.<\/p>\n<p>Ciprian \u0218erban a subliniat beneficiile pe care le va aduce acest nou drum. \u201eAceast\u0103 investi\u021bie a Ministerului Transporturilor \u0219i Infrastructurii va asigura o infrastructur\u0103 modern\u0103, at\u00e2t pentru transportul pasagerilor c\u0103tre noul terminal, c\u00e2t \u0219i pentru m\u0103rfuri \u00een zona Cargo. De asemenea, conectarea cu inelul de autostrad\u0103 al Bucure\u0219tiului va facilita accesul utilajelor \u0219i materialelor necesare construc\u021biei terminalului. Totodat\u0103, comunit\u0103\u021bile din jude\u021b vor beneficia de un acces mai rapid la Autostrada A0, ceea ce va contribui la reducerea semnificativ\u0103 a timpului de c\u0103l\u0103torie \u0219i a aglomera\u021biei din trafic\u201d, a explicat acesta.<\/p>\n<p>Contractul lansat de Compania Na\u021bional\u0103 de Investi\u021bii Rutiere are o valoare estimat\u0103 la 454 milioane lei, iar constructorii interesa\u021bi pot depune oferte p\u00e2n\u0103 la data de 30 aprilie.<\/p>\n<p>Proiectul preconizeaz\u0103 o durat\u0103 de realizare de 30 de luni. Lungimea drumului de leg\u0103tur\u0103 va fi de 2,55 kilometri, iar bretelele de leg\u0103tur\u0103 vor totaliza 7,5 kilometri. \u00cen plus, va fi realizat un sistem de pasaje supraterane ce va traversa DJ 200 B \u0219i Autostrada A0 Nord.<\/p>\n","protected":false},"excerpt":{"rendered":"<p>Ministrul Transporturilor, Ciprian \u0218erban, a f\u0103cut un anun\u021b important pe re\u021belele de socializare, aduc\u00e2nd ve\u0219ti promi\u021b\u0103toare pentru infrastructura din Rom\u00e2nia. \u201eProiectul Drumului Expres Aeroportul Henri Coand\u0103 (Otopeni) \u2013 Autostrada A0 a intrat, \u00eencep\u00e2nd de ast\u0103zi, \u00een etapa de licita\u021bie pentru proiectare \u0219i execu\u021bie. Acest drum de mare vitez\u0103 va fi construit \u00een Rom\u00e2nia, reprezent\u00e2nd primul [&hellip;]<\/p>\n","protected":false},"author":4,"featured_media":9671,"comment_status":"open","ping_status":"open","sticky":false,"template":"","format":"standard","meta":{"jnews-multi-image_gallery":[],"jnews_single_post":[],"jnews_primary_category":[],"jnews_override_counter":[],"footnotes":""},"categories":[40],"tags":[7769,10605,4461,7029,12513,276,769,12028],"class_list":["post-9670","post","type-post","status-publish","format-standard","has-post-thumbnail","hentry","category-econonie","tag-aeroport-henri-coanda","tag-autostrada-a0","tag-ciprian-serban","tag-drum-expres","tag-infrastructura-romania","tag-licitatie","tag-ministerul-transporturilor","tag-terminal-2"],"_links":{"self":[{"href":"https:\/\/www.newsrecorder.ro\/app\/wp-json\/wp\/v2\/posts\/9670","targetHints":{"allow":["GET"]}}],"collection":[{"href":"https:\/\/www.newsrecorder.ro\/app\/wp-json\/wp\/v2\/posts"}],"about":[{"href":"https:\/\/www.newsrecorder.ro\/app\/wp-json\/wp\/v2\/types\/post"}],"author":[{"embeddable":true,"href":"https:\/\/www.newsrecorder.ro\/app\/wp-json\/wp\/v2\/users\/4"}],"replies":[{"embeddable":true,"href":"https:\/\/www.newsrecorder.ro\/app\/wp-json\/wp\/v2\/comments?post=9670"}],"version-history":[{"count":0,"href":"https:\/\/www.newsrecorder.ro\/app\/wp-json\/wp\/v2\/posts\/9670\/revisions"}],"wp:featuredmedia":[{"embeddable":true,"href":"https:\/\/www.newsrecorder.ro\/app\/wp-json\/wp\/v2\/media\/9671"}],"wp:attachment":[{"href":"https:\/\/www.newsrecorder.ro\/app\/wp-json\/wp\/v2\/media?parent=9670"}],"wp:term":[{"taxonomy":"category","embeddable":true,"href":"https:\/\/www.newsrecorder.ro\/app\/wp-json\/wp\/v2\/categories?post=9670"},{"taxonomy":"post_tag","embeddable":true,"href":"https:\/\/www.newsrecorder.ro\/app\/wp-json\/wp\/v2\/tags?post=9670"}],"curies":[{"name":"wp","href":"https:\/\/api.w.org\/{rel}","templated":true}]}}