{"id":9672,"date":"2026-03-20T11:43:34","date_gmt":"2026-03-20T11:43:34","guid":{"rendered":"https:\/\/www.newsrecorder.ro\/app\/2026\/03\/20\/ue-poate-reduce-taxele-pe-electricitate-pentru-a-combate-impactul-razboiului-din-iran\/"},"modified":"2026-03-20T11:43:34","modified_gmt":"2026-03-20T11:43:34","slug":"ue-poate-reduce-taxele-pe-electricitate-pentru-a-combate-impactul-razboiului-din-iran","status":"publish","type":"post","link":"https:\/\/www.newsrecorder.ro\/app\/2026\/03\/20\/ue-poate-reduce-taxele-pe-electricitate-pentru-a-combate-impactul-razboiului-din-iran\/","title":{"rendered":"UE poate reduce taxele pe electricitate pentru a combate impactul r\u0103zboiului din Iran"},"content":{"rendered":"<p>\u00cen prezent, Europa se confrunt\u0103 cu o dependen\u021b\u0103 semnificativ\u0103 de importurile de energie, iar recent, \u00eenchiderea Str\u00e2mtorii Ormuz a expus continentul la o cre\u0219tere drastic\u0103 a pre\u021burilor energiei. Aceasta str\u00e2mtoare reprezint\u0103 un canal crucial, prin care circul\u0103 aproximativ 20% din aprovizionarea global\u0103 cu petrol \u0219i gaze naturale lichefiate.<\/p>\n<p>\u00cen cadrul unei conferin\u021be de pres\u0103 ce a avut loc la finalul summitului Consiliului European de la Bruxelles, pre\u0219edinta Comisiei Europene, Ursula von der Leyen, a anun\u021bat m\u0103suri care permit statelor membre ale Uniunii Europene s\u0103 recurg\u0103 la ajutoare de stat pentru a contracara cre\u0219terea pre\u021burilor energiei. De asemenea, ea a subliniat inten\u021bia executivului european de a propune o reducere a impozitelor pe energia electric\u0103.<\/p>\n<p>\u201e\u00cen unele cazuri, impozitarea energiei electrice este cu mult mai ridicat\u0103 dec\u00e2t cea a gazului, uneori chiar de p\u00e2n\u0103 la 15 ori mai mult, ceea ce nu este acceptabil. Astfel, vom propune o reducere a cotelor de impozitare pentru energia electric\u0103 \u0219i ne vom asigura c\u0103 aceasta este impozitat\u0103 mai pu\u021bin dec\u00e2t combustibilii fosili\u201d, a declarat von der Leyen.<\/p>\n<p>Pre\u0219edinta Comisiei Europene a continuat s\u0103 explice c\u0103, pe fondul continu\u0103rii conflictului din regiune, pre\u021burile la energie sunt \u00eentr-o continu\u0103 fluctua\u021bie. \u201ePentru a minimiza impactul acestor cre\u0219teri, trebuie s\u0103 lu\u0103m m\u0103suri. Planul pe care l-am prezentat ast\u0103zi include at\u00e2t ajutoare imediate, c\u00e2t \u0219i modific\u0103ri structurale acolo unde este necesar. Statele membre pot deja s\u0103 utilizeze m\u0103suri de ajutor de stat pentru a compensa cre\u0219terile costurilor sursei de energie, iar noi vom flexibiliza \u0219i mai mult aceste ajutoare\u201d, a ad\u0103ugat ea.<\/p>\n<p>\u00cen ultimele zile, pre\u021bul \u021bi\u021beiului a demonstrat o tendin\u021b\u0103 ascendent\u0103, men\u021bin\u00e2ndu-se constant peste 100 de dolari pe baril, \u00een contextul atacurilor recente asupra instala\u021biilor energetice din regiune.<\/p>\n<p>\u00centr-o declara\u021bie f\u0103cut\u0103 la Bruxelles, pre\u0219edintele Nicu\u0219or Dan a anun\u021bat c\u0103, \u00een termen de o s\u0103pt\u0103m\u00e2n\u0103, <a style=\"color: #0000ff\" href=\"https:\/\/www.mediafax.ro\/stirile-zilei\/nicusor-dan-anunta-ca-statul-roman-va-interveni-pe-piata-de-energie-pentru-stabilizarea-preturilor-o-sa-vedeti-intr-o-saptamana-un-set-de-masuri-23706109\" target=\"_blank\" rel=\"noopener\">statul rom\u00e2n va interveni pe pia\u021ba de energie<\/a> pentru a stabiliza pre\u021burile, ca urmare a crizei din Golf.<\/p>\n<p>\u201eAu avut loc discu\u021bii \u00eentre Guvern \u0219i reprezentan\u021bii pie\u021bei de energie, iar \u00een zilele urm\u0103toare, \u00een termen de o s\u0103pt\u0103m\u00e2n\u0103, ve\u021bi observa un set de m\u0103suri. Aceste m\u0103suri vor fi implementate \u0219i vor reprezenta o ac\u021biune clar\u0103 din partea statului rom\u00e2n\u201d, a afirmat Nicu\u0219or Dan.<\/p>\n","protected":false},"excerpt":{"rendered":"<p>\u00cen prezent, Europa se confrunt\u0103 cu o dependen\u021b\u0103 semnificativ\u0103 de importurile de energie, iar recent, \u00eenchiderea Str\u00e2mtorii Ormuz a expus continentul la o cre\u0219tere drastic\u0103 a pre\u021burilor energiei. Aceasta str\u00e2mtoare reprezint\u0103 un canal crucial, prin care circul\u0103 aproximativ 20% din aprovizionarea global\u0103 cu petrol \u0219i gaze naturale lichefiate. \u00cen cadrul unei conferin\u021be de pres\u0103 ce [&hellip;]<\/p>\n","protected":false},"author":4,"featured_media":9673,"comment_status":"open","ping_status":"open","sticky":false,"template":"","format":"standard","meta":{"jnews-multi-image_gallery":[],"jnews_single_post":[],"jnews_primary_category":[],"jnews_override_counter":[],"footnotes":""},"categories":[40],"tags":[8519,191,785,468,787,1736,535,321],"class_list":["post-9672","post","type-post","status-publish","format-standard","has-post-thumbnail","hentry","category-econonie","tag-ajutoare-de-stat","tag-energie","tag-gaz","tag-importuri","tag-impozite","tag-petrol","tag-preturi","tag-uniunea-europeana"],"_links":{"self":[{"href":"https:\/\/www.newsrecorder.ro\/app\/wp-json\/wp\/v2\/posts\/9672","targetHints":{"allow":["GET"]}}],"collection":[{"href":"https:\/\/www.newsrecorder.ro\/app\/wp-json\/wp\/v2\/posts"}],"about":[{"href":"https:\/\/www.newsrecorder.ro\/app\/wp-json\/wp\/v2\/types\/post"}],"author":[{"embeddable":true,"href":"https:\/\/www.newsrecorder.ro\/app\/wp-json\/wp\/v2\/users\/4"}],"replies":[{"embeddable":true,"href":"https:\/\/www.newsrecorder.ro\/app\/wp-json\/wp\/v2\/comments?post=9672"}],"version-history":[{"count":0,"href":"https:\/\/www.newsrecorder.ro\/app\/wp-json\/wp\/v2\/posts\/9672\/revisions"}],"wp:featuredmedia":[{"embeddable":true,"href":"https:\/\/www.newsrecorder.ro\/app\/wp-json\/wp\/v2\/media\/9673"}],"wp:attachment":[{"href":"https:\/\/www.newsrecorder.ro\/app\/wp-json\/wp\/v2\/media?parent=9672"}],"wp:term":[{"taxonomy":"category","embeddable":true,"href":"https:\/\/www.newsrecorder.ro\/app\/wp-json\/wp\/v2\/categories?post=9672"},{"taxonomy":"post_tag","embeddable":true,"href":"https:\/\/www.newsrecorder.ro\/app\/wp-json\/wp\/v2\/tags?post=9672"}],"curies":[{"name":"wp","href":"https:\/\/api.w.org\/{rel}","templated":true}]}}