{"id":9676,"date":"2026-03-20T11:44:08","date_gmt":"2026-03-20T11:44:08","guid":{"rendered":"https:\/\/www.newsrecorder.ro\/app\/2026\/03\/20\/gabriela-firea-infertilitatea-afecteaza-1-din-5-cupluri-din-romania\/"},"modified":"2026-03-20T11:44:08","modified_gmt":"2026-03-20T11:44:08","slug":"gabriela-firea-infertilitatea-afecteaza-1-din-5-cupluri-din-romania","status":"publish","type":"post","link":"https:\/\/www.newsrecorder.ro\/app\/2026\/03\/20\/gabriela-firea-infertilitatea-afecteaza-1-din-5-cupluri-din-romania\/","title":{"rendered":"Gabriela Firea: Infertilitatea afecteaz\u0103 1 din 5 cupluri din Rom\u00e2nia!"},"content":{"rendered":"<p>Gabriela Firea, europarlamentar \u0219i vicepre\u0219edinte al PSD, a abordat vineri diminea\u021b\u0103, pe Facebook, problema alarmant\u0103 a sc\u0103derii natalit\u0103\u021bii \u0219i cre\u0219terii infertilit\u0103\u021bii \u00een Rom\u00e2nia. Aceasta a participat la o dezbatere organizat\u0103 la Senatul Rom\u00e2niei, al\u0103turi de speciali\u0219ti \u0219i parlamentari, unde au fost analizate aspectele demografice \u0219i solu\u021biile posibile pentru a face fa\u021b\u0103 acestei crize.<\/p>\n<p>\u00cen cadrul dezbaterii, Firea a subliniat c\u0103 datele prezentate sunt \u00eengrijor\u0103toare \u0219i c\u0103 nu mai exist\u0103 timp de pierdut. \u201eAm pus pe mas\u0103 datele dure care arat\u0103 c\u0103 nu mai avem timp de pierdut. Dar \u0219i solu\u021biile\u201d, a afirmat ea cu seriozitate.<\/p>\n<p>Conform europarlamentarei, infertilitatea a devenit o problem\u0103 major\u0103 \u00een Rom\u00e2nia, av\u00e2nd un impact semnificativ asupra sc\u0103derii natalit\u0103\u021bii. \u201eInfertilitatea nu este o excep\u021bie, ci o realitate medical\u0103 care love\u0219te \u00een inima societ\u0103\u021bii noastre: 1 din 5 cupluri din Rom\u00e2nia sufer\u0103 de infertilitate, iar anul trecut s-a atins un record negativ de na\u0219teri\u201d, a declarat Firea.<\/p>\n<p>Firea a prezentat statistici \u00eengrijor\u0103toare legate de natalitatea din Rom\u00e2nia. \u201eAnul trecut s-au n\u0103scut pu\u021bin peste 145.000 de copii, cea mai mic\u0103 cifr\u0103 din ultimul secol. Spre compara\u021bie, \u00een urm\u0103 cu un secol se n\u0103\u0219teau de patru ori mai mul\u021bi copii\u201d, a explicat ea, eviden\u021biind astfel criza demografic\u0103 cu care se confrunt\u0103 \u021bara.<\/p>\n<p>Mai mult, problema se acutizeaz\u0103 \u00een mediul urban, unde 40% dintre cupluri nu reu\u0219esc s\u0103 ob\u021bin\u0103 o sarcin\u0103, de\u0219i \u00eencearc\u0103 de mai bine de un an. Aceast\u0103 statistic\u0103 subliniaz\u0103 dificult\u0103\u021bile cu care se confrunt\u0103 multe familii \u00een c\u0103utarea unei solu\u021bii pentru a deveni p\u0103rin\u021bi.<\/p>\n<p>Firea a subliniat importan\u021ba implic\u0103rii statului \u00een aceast\u0103 problem\u0103, oferind ca exemplu programul de fertilizare in vitro (FIV) implementat \u00een perioada \u00een care a fost primar general al Capitalei. \u201eAm demonstrat c\u0103, dac\u0103 statul se implic\u0103, rezultatele apar. Am ini\u021biat programul FIV la Prim\u0103ria Capitalei, iar \u00een acel mandat s-au n\u0103scut peste 600 de copii\u201d, a declarat ea.<\/p>\n<p>De asemenea, Firea a men\u021bionat ini\u021biativele na\u021bionale, cum ar fi programul care prevede finan\u021barea a 10.000 de proceduri FIV anual. \u201eDin septembrie 2023 \u0219i p\u00e2n\u0103 acum, avem deja 2.000 de copii n\u0103scu\u021bi \u0219i alte c\u00e2teva mii de sarcini \u00een evolu\u021bie\u201d, a ad\u0103ugat Firea, eviden\u021biind progresele f\u0103cute \u00een aceast\u0103 direc\u021bie.<\/p>\n<p>\u00cen concluzie, Gabriela Firea a propus o serie de m\u0103suri pentru viitor, printre care transformarea programelor de sprijin \u00een unele permanente \u0219i introducerea unui screening na\u021bional pentru endometrioz\u0103, subliniind astfel necesitatea unei abord\u0103ri sustenabile \u0219i proactive \u00een fa\u021ba acestei crize demografice. <\/p>\n","protected":false},"excerpt":{"rendered":"<p>Gabriela Firea, europarlamentar \u0219i vicepre\u0219edinte al PSD, a abordat vineri diminea\u021b\u0103, pe Facebook, problema alarmant\u0103 a sc\u0103derii natalit\u0103\u021bii \u0219i cre\u0219terii infertilit\u0103\u021bii \u00een Rom\u00e2nia. Aceasta a participat la o dezbatere organizat\u0103 la Senatul Rom\u00e2niei, al\u0103turi de speciali\u0219ti \u0219i parlamentari, unde au fost analizate aspectele demografice \u0219i solu\u021biile posibile pentru a face fa\u021b\u0103 acestei crize. \u00cen cadrul [&hellip;]<\/p>\n","protected":false},"author":4,"featured_media":9677,"comment_status":"open","ping_status":"open","sticky":false,"template":"","format":"standard","meta":{"jnews-multi-image_gallery":[],"jnews_single_post":[],"jnews_primary_category":[],"jnews_override_counter":[],"footnotes":""},"categories":[40],"tags":[2403,3476,12515,12516,2411,149,4283,1992],"class_list":["post-9676","post","type-post","status-publish","format-standard","has-post-thumbnail","hentry","category-econonie","tag-criza","tag-demografie","tag-gabriela-firea","tag-infertilitate","tag-natalitate","tag-romania","tag-senatul-romaniei","tag-solutii"],"_links":{"self":[{"href":"https:\/\/www.newsrecorder.ro\/app\/wp-json\/wp\/v2\/posts\/9676","targetHints":{"allow":["GET"]}}],"collection":[{"href":"https:\/\/www.newsrecorder.ro\/app\/wp-json\/wp\/v2\/posts"}],"about":[{"href":"https:\/\/www.newsrecorder.ro\/app\/wp-json\/wp\/v2\/types\/post"}],"author":[{"embeddable":true,"href":"https:\/\/www.newsrecorder.ro\/app\/wp-json\/wp\/v2\/users\/4"}],"replies":[{"embeddable":true,"href":"https:\/\/www.newsrecorder.ro\/app\/wp-json\/wp\/v2\/comments?post=9676"}],"version-history":[{"count":0,"href":"https:\/\/www.newsrecorder.ro\/app\/wp-json\/wp\/v2\/posts\/9676\/revisions"}],"wp:featuredmedia":[{"embeddable":true,"href":"https:\/\/www.newsrecorder.ro\/app\/wp-json\/wp\/v2\/media\/9677"}],"wp:attachment":[{"href":"https:\/\/www.newsrecorder.ro\/app\/wp-json\/wp\/v2\/media?parent=9676"}],"wp:term":[{"taxonomy":"category","embeddable":true,"href":"https:\/\/www.newsrecorder.ro\/app\/wp-json\/wp\/v2\/categories?post=9676"},{"taxonomy":"post_tag","embeddable":true,"href":"https:\/\/www.newsrecorder.ro\/app\/wp-json\/wp\/v2\/tags?post=9676"}],"curies":[{"name":"wp","href":"https:\/\/api.w.org\/{rel}","templated":true}]}}