{"id":9698,"date":"2026-03-20T13:14:02","date_gmt":"2026-03-20T13:14:02","guid":{"rendered":"https:\/\/www.newsrecorder.ro\/app\/2026\/03\/20\/george-simion-pregateste-atac-la-ccr-impotriva-bugetului-de-stat\/"},"modified":"2026-03-20T13:14:02","modified_gmt":"2026-03-20T13:14:02","slug":"george-simion-pregateste-atac-la-ccr-impotriva-bugetului-de-stat","status":"publish","type":"post","link":"https:\/\/www.newsrecorder.ro\/app\/2026\/03\/20\/george-simion-pregateste-atac-la-ccr-impotriva-bugetului-de-stat\/","title":{"rendered":"George Simion preg\u0103te\u0219te atac la CCR \u00eempotriva bugetului de stat!"},"content":{"rendered":"<p>George Simion, liderul AUR, a exprimat o critic\u0103 sever\u0103 la adresa coali\u021biei de guvernare, \u00een urma adopt\u0103rii legii bugetului de stat pentru anul 2026, care a avut loc vineri. Acesta a acuzat guvernul de lips\u0103 de responsabilitate fiscal\u0103 \u0219i de ignorarea problemelor sociale esen\u021biale.<\/p>\n<p>Simion a subliniat c\u0103 noul buget va avea un impact direct asupra familiilor \u0219i mamelor din Rom\u00e2nia, men\u021bion\u00e2nd posibilitatea reducerii concediului maternal. \u201eDiscut\u0103m despre mame, despre viitoarele mame \u0219i despre familiile care se \u00eentreab\u0103 dac\u0103 ar trebui s\u0103 aib\u0103 un copil. Acum sunt sub semnul \u00eentreb\u0103rii. Se preconizeaz\u0103 o reducere a concediului maternal de la doi ani la un an\u201d, a declarat Simion, \u00een urma votului din Parlament.<\/p>\n<p>De asemenea, liderul AUR a acuzat un partid din coali\u021bie c\u0103 nu \u0219i-a respectat angajamentele bugetare, critic\u00e2nd totodat\u0103 modul \u00een care statul gestioneaz\u0103 sprijinul social. \u201eUn partid din coali\u021bie a refuzat s\u0103 respecte promisiunile f\u0103cute, inclusiv eliminarea impozitului CASS pentru mame. Este ru\u0219inos cum rom\u00e2nii sunt men\u021binu\u021bi cu ajutoare ocazionale, \u00een loc s\u0103 se respecte legea. Noi am sus\u021binut toate amendamentele propuse pentru legea bugetului Rom\u00e2niei\u201d, a ad\u0103ugat Simion.<\/p>\n<p>AUR va contesta legea la Curtea Constitu\u021bional\u0103. George Simion a anun\u021bat c\u0103 partidul s\u0103u va lansa o contestare a legii, critic\u00e2nd \u00een acela\u0219i timp priorit\u0103\u021bile de investi\u021bii ale guvernului \u0219i consider\u00e2nd c\u0103 resursele publice sunt direc\u021bionate gre\u0219it. \u201eVom contesta aceast\u0103 lege la Curtea Constitu\u021bional\u0103. Ne asum\u0103m rolul de opozi\u021bie, dar guvernarea nu are o direc\u021bie clar\u0103, Rom\u00e2nia nu progreseaz\u0103. Nu am observat responsabilitate din partea guvernului \u0219i am v\u0103zut diverse chestiuni mascate sub titlul de investi\u021bii durabile. Nu cred c\u0103 avem nevoie acum de stadioane \u00een diferite col\u021buri ale \u021b\u0103rii. Trebuie s\u0103 ne concentr\u0103m pe protejarea celor vulnerabili \u0219i s\u0103 investim \u00een proiecte care s\u0103 genereze prosperitate, precum produc\u021bia \u0219i stocarea energiei\u201d, a explicat George Simion.<\/p>\n<p>\u00cen \u00eencheiere, liderul AUR a reafirmat angajamentul partidului s\u0103u de a sprijini toate ac\u021biunile parlamentare \u00eempotriva Guvernului.<\/p>\n<p><a style=\"color: #0000ff\" href=\"https:\/\/www.mediafax.ro\/politic\/news-alert-romania-are-buget-dupa-luni-de-asteptare-bugetul-de-stat-a-fost-votat-de-parlament-cu-319-voturi-pentru-104-impotriva-23706671\">Parlamentul a aprobat, vineri, bugetul de stat,<\/a> dup\u0103 s\u0103pt\u0103m\u00e2ni de dezbateri intense \u00een comisii \u0219i \u00een cadrul coali\u021biei. Documentul stabile\u0219te principalele aloc\u0103ri financiare pentru anul \u00een curs, incluz\u00e2nd fondurile pentru investi\u021bii, s\u0103n\u0103tate, educa\u021bie \u0219i infrastructur\u0103.<\/p>\n<p>Proiectul a fost adoptat cu 319 voturi pentru, 104 voturi \u00eempotriv\u0103 \u0219i o ab\u021binere, \u00een timp ce doi parlamentari nu au participat la vot.<\/p>\n","protected":false},"excerpt":{"rendered":"<p>George Simion, liderul AUR, a exprimat o critic\u0103 sever\u0103 la adresa coali\u021biei de guvernare, \u00een urma adopt\u0103rii legii bugetului de stat pentru anul 2026, care a avut loc vineri. Acesta a acuzat guvernul de lips\u0103 de responsabilitate fiscal\u0103 \u0219i de ignorarea problemelor sociale esen\u021biale. Simion a subliniat c\u0103 noul buget va avea un impact direct [&hellip;]<\/p>\n","protected":false},"author":2,"featured_media":9699,"comment_status":"open","ping_status":"open","sticky":false,"template":"","format":"standard","meta":{"jnews-multi-image_gallery":[],"jnews_single_post":[],"jnews_primary_category":[],"jnews_override_counter":[],"footnotes":""},"categories":[39],"tags":[1916,3761,3785,12544,2816,3766,6939,5269],"class_list":["post-9698","post","type-post","status-publish","format-standard","has-post-thumbnail","hentry","category-stirile-zilei","tag-aur","tag-buget-de-stat","tag-coalitie-de-guvernare","tag-concediu-maternal","tag-george-simion","tag-probleme-sociale","tag-responsabilitate-fiscala","tag-sprijin-social"],"_links":{"self":[{"href":"https:\/\/www.newsrecorder.ro\/app\/wp-json\/wp\/v2\/posts\/9698","targetHints":{"allow":["GET"]}}],"collection":[{"href":"https:\/\/www.newsrecorder.ro\/app\/wp-json\/wp\/v2\/posts"}],"about":[{"href":"https:\/\/www.newsrecorder.ro\/app\/wp-json\/wp\/v2\/types\/post"}],"author":[{"embeddable":true,"href":"https:\/\/www.newsrecorder.ro\/app\/wp-json\/wp\/v2\/users\/2"}],"replies":[{"embeddable":true,"href":"https:\/\/www.newsrecorder.ro\/app\/wp-json\/wp\/v2\/comments?post=9698"}],"version-history":[{"count":0,"href":"https:\/\/www.newsrecorder.ro\/app\/wp-json\/wp\/v2\/posts\/9698\/revisions"}],"wp:featuredmedia":[{"embeddable":true,"href":"https:\/\/www.newsrecorder.ro\/app\/wp-json\/wp\/v2\/media\/9699"}],"wp:attachment":[{"href":"https:\/\/www.newsrecorder.ro\/app\/wp-json\/wp\/v2\/media?parent=9698"}],"wp:term":[{"taxonomy":"category","embeddable":true,"href":"https:\/\/www.newsrecorder.ro\/app\/wp-json\/wp\/v2\/categories?post=9698"},{"taxonomy":"post_tag","embeddable":true,"href":"https:\/\/www.newsrecorder.ro\/app\/wp-json\/wp\/v2\/tags?post=9698"}],"curies":[{"name":"wp","href":"https:\/\/api.w.org\/{rel}","templated":true}]}}