{"id":9708,"date":"2026-03-20T17:07:29","date_gmt":"2026-03-20T17:07:29","guid":{"rendered":"https:\/\/www.newsrecorder.ro\/app\/2026\/03\/20\/radu-marinescu-bratarile-electronice-cheia-reintegrarii-detinutilor\/"},"modified":"2026-03-20T17:07:29","modified_gmt":"2026-03-20T17:07:29","slug":"radu-marinescu-bratarile-electronice-cheia-reintegrarii-detinutilor","status":"publish","type":"post","link":"https:\/\/www.newsrecorder.ro\/app\/2026\/03\/20\/radu-marinescu-bratarile-electronice-cheia-reintegrarii-detinutilor\/","title":{"rendered":"Radu Marinescu: Br\u0103\u021b\u0103rile electronice, cheia reintegr\u0103rii de\u021binu\u021bilor!"},"content":{"rendered":"<p><a href=\"https:\/\/www.mediafax.ro\/off-the-record\/off-the-record-radu-marinescu-despre-taierile-de-la-ministerul-justitiei-speranta-mea-este-ca-anul-acesta-sa-se-gaseasca-totusi-fonduri-23706890\">Radu Marinescu<\/a>, ministrul Justi\u021biei, a eviden\u021biat importan\u021ba reeduc\u0103rii \u0219i reintegr\u0103rii persoanelor private de libertate, subliniind c\u0103 scopul nu este ca acestea s\u0103 r\u0103m\u00e2n\u0103 \u00een deten\u021bie pe termen nelimitat. \u201eTrecem de la regimuri mai stricte la unele mai u\u0219oare, permi\u021b\u00e2nd astfel reintegrarea lor \u00een familie, dar este esen\u021bial s\u0103 monitoriz\u0103m aceste persoane. Br\u0103\u021b\u0103rile electronice sunt o solu\u021bie eficient\u0103, deoarece reduc riscul ca de\u021binu\u021bii s\u0103 dispar\u0103 \u0219i emit alerte imediate dac\u0103 sunt \u00eendep\u0103rtate\u201d, a explicat ministrul.<\/p>\n<p>Marinescu a subliniat, de asemenea, provoc\u0103rile cu care se confrunt\u0103 sistemul penitenciar din Rom\u00e2nia, men\u021bion\u00e2nd c\u0103 \u021bara se afl\u0103 sub o presiune din ce \u00een ce mai mare. \u201eAvem aproape 24.000 de de\u021binu\u021bi \u0219i doar 23.000 de locuri disponibile. \u00cen acest context, construim dou\u0103 penitenciare noi, la Unguriu \u0219i Berceni, fiecare cu o capacitate de aproximativ 1.000 de locuri. Aceste proiecte sunt finan\u021bate printr-un \u00eemprumut de la Banca de Dezvoltare a Consiliului Europei, dar din p\u0103cate, execu\u021bia se afl\u0103 la doar 13\u201315%\u201d, a precizat el.<\/p>\n<p>Ministrul a abordat \u0219i dificult\u0103\u021bile legate de finalizarea lucr\u0103rilor, eviden\u021biind c\u0103 f\u0103r\u0103 fonduri suplimentare, acest proces devine tot mai complicat: \u201eMai avem doar doi ani pentru a realiza 80% din lucr\u0103ri, ceea ce reprezint\u0103 o provocare major\u0103. Am f\u0103cut demersuri consistente pentru a ob\u021bine alocarea necesar\u0103 a fondurilor \u00een acest an, dar din p\u0103cate, \u00eenc\u0103 nu am reu\u0219it s\u0103 le ob\u021binem.\u201d<\/p>\n<p>\u00cen \u00eencheiere, Marinescu a subliniat c\u0103 br\u0103\u021b\u0103rile electronice \u0219i construc\u021bia noilor penitenciare sunt doar o parte a unei strategii mai ample de reintegrare. \u201eEste esen\u021bial s\u0103 implic\u0103m mediul privat \u0219i s\u0103 avem un sistem de monitorizare eficient, altfel, deciziile vor r\u0103m\u00e2ne subiective \u0219i nu vor reflecta realitatea celor pe care dorim s\u0103 \u00eei sprijinim\u201d, a conchis ministrul. <\/p>\n","protected":false},"excerpt":{"rendered":"<p>Radu Marinescu, ministrul Justi\u021biei, a eviden\u021biat importan\u021ba reeduc\u0103rii \u0219i reintegr\u0103rii persoanelor private de libertate, subliniind c\u0103 scopul nu este ca acestea s\u0103 r\u0103m\u00e2n\u0103 \u00een deten\u021bie pe termen nelimitat. \u201eTrecem de la regimuri mai stricte la unele mai u\u0219oare, permi\u021b\u00e2nd astfel reintegrarea lor \u00een familie, dar este esen\u021bial s\u0103 monitoriz\u0103m aceste persoane. Br\u0103\u021b\u0103rile electronice sunt o [&hellip;]<\/p>\n","protected":false},"author":2,"featured_media":9709,"comment_status":"open","ping_status":"open","sticky":false,"template":"","format":"standard","meta":{"jnews-multi-image_gallery":[],"jnews_single_post":[],"jnews_primary_category":[],"jnews_override_counter":[],"footnotes":""},"categories":[42],"tags":[12558,5577,11837,12559,12557,11839,149,11842],"class_list":["post-9708","post","type-post","status-publish","format-standard","has-post-thumbnail","hentry","category-politica","tag-bratari-electronice","tag-constructii","tag-detinuti","tag-penitenciare","tag-reeducare","tag-reintegrare","tag-romania","tag-sistem-penitenciar"],"_links":{"self":[{"href":"https:\/\/www.newsrecorder.ro\/app\/wp-json\/wp\/v2\/posts\/9708","targetHints":{"allow":["GET"]}}],"collection":[{"href":"https:\/\/www.newsrecorder.ro\/app\/wp-json\/wp\/v2\/posts"}],"about":[{"href":"https:\/\/www.newsrecorder.ro\/app\/wp-json\/wp\/v2\/types\/post"}],"author":[{"embeddable":true,"href":"https:\/\/www.newsrecorder.ro\/app\/wp-json\/wp\/v2\/users\/2"}],"replies":[{"embeddable":true,"href":"https:\/\/www.newsrecorder.ro\/app\/wp-json\/wp\/v2\/comments?post=9708"}],"version-history":[{"count":0,"href":"https:\/\/www.newsrecorder.ro\/app\/wp-json\/wp\/v2\/posts\/9708\/revisions"}],"wp:featuredmedia":[{"embeddable":true,"href":"https:\/\/www.newsrecorder.ro\/app\/wp-json\/wp\/v2\/media\/9709"}],"wp:attachment":[{"href":"https:\/\/www.newsrecorder.ro\/app\/wp-json\/wp\/v2\/media?parent=9708"}],"wp:term":[{"taxonomy":"category","embeddable":true,"href":"https:\/\/www.newsrecorder.ro\/app\/wp-json\/wp\/v2\/categories?post=9708"},{"taxonomy":"post_tag","embeddable":true,"href":"https:\/\/www.newsrecorder.ro\/app\/wp-json\/wp\/v2\/tags?post=9708"}],"curies":[{"name":"wp","href":"https:\/\/api.w.org\/{rel}","templated":true}]}}