{"id":9712,"date":"2026-03-20T17:08:08","date_gmt":"2026-03-20T17:08:08","guid":{"rendered":"https:\/\/www.newsrecorder.ro\/app\/2026\/03\/20\/ilie-bolojan-efortul-romanilor-nu-va-fi-risipit-dupa-votul-bugetului-2026\/"},"modified":"2026-03-20T17:08:08","modified_gmt":"2026-03-20T17:08:08","slug":"ilie-bolojan-efortul-romanilor-nu-va-fi-risipit-dupa-votul-bugetului-2026","status":"publish","type":"post","link":"https:\/\/www.newsrecorder.ro\/app\/2026\/03\/20\/ilie-bolojan-efortul-romanilor-nu-va-fi-risipit-dupa-votul-bugetului-2026\/","title":{"rendered":"Ilie Bolojan: &#8222;Efortul rom\u00e2nilor nu va fi risipit, dup\u0103 votul bugetului 2026!&#8221;"},"content":{"rendered":"<p>Ilie Bolojan a declarat recent c\u0103 \u201ea\u021bi votat bugetul, un buget care prevede o nou\u0103 abordare corect\u0103 fa\u021b\u0103 de cet\u0103\u021beni\u201d. Acesta a subliniat c\u0103 toate reformele realizate p\u00e2n\u0103 acum, inclusiv reforma administra\u021biei, reforma pensiilor speciale \u0219i reducerile de cheltuieli din institu\u021biile publice, sunt reflectate \u00een bugetul adoptat.<\/p>\n<p>Bolojan a caracterizat acest buget ca fiind \u201eo centur\u0103 de siguran\u021b\u0103\u201d pentru finan\u021bele publice, asigur\u00e2ndu-se c\u0103 nu vor exista derapaje \u00een cheltuirea banilor publici. El a afirmat cu t\u0103rie: \u201eNimeni nu va putea arunca la co\u0219 efortul rom\u00e2nilor f\u0103cut \u00een ultimele luni \u0219i nici s\u0103 risipeasc\u0103 finan\u021bele publice\u201d.<\/p>\n<p>Men\u021binerea echilibrului financiar r\u0103m\u00e2ne o prioritate pentru Bolojan. \u201eSpunem adev\u0103rul \u0219i facem tot ce ne st\u0103 \u00een putin\u021b\u0103 pentru a echilibra situa\u021bia financiar\u0103. Avem for\u021ba necesar\u0103 s\u0103 \u00eendrept\u0103m lucrurile \u0219i s\u0103 punem Rom\u00e2nia pe baze corecte \u0219i realiste\u201d, a ad\u0103ugat el.<\/p>\n<p>\u00cen cadrul unui apel c\u0103tre partenerii institu\u021bionali, agen\u021biile de rating \u0219i institu\u021biile financiare, Bolojan a subliniat importan\u021ba p\u0103str\u0103rii \u021bintei de deficit bugetar de 6,2%, afirm\u00e2nd c\u0103 aceasta demonstreaz\u0103 responsabilitatea statului rom\u00e2n. \u201eRom\u00e2nia dovede\u0219te prin acest buget c\u0103 este un partener corect, responsabil, care respect\u0103 angajamentele asumate\u201d, a declarat Bolojan.<\/p>\n<p>\u00cen mesajul s\u0103u adresat cet\u0103\u021benilor, liderul coali\u021biei a mul\u021bumit rom\u00e2nilor pentru eforturile depuse \u0219i a asigurat c\u0103 bugetul pe 2026 va acoperi investi\u021biile publice \u0219i cheltuielile sociale. \u201eAcest buget asigur\u0103 investi\u021biile necesare pentru continuarea marilor lucr\u0103ri publice \u0219i a celor locale, func\u021bionarea institu\u021biilor publice, plata salariilor, pensiilor \u0219i toate formele de sprijin pentru cei care au nevoie\u201d, a spus el.<\/p>\n<p>Bugetul de stat pe 2026 a fost adoptat recent cu 319 voturi pentru, 104 \u00eempotriv\u0103 \u0219i o ab\u021binere, dup\u0103 mai multe zile de dezbateri \u00een comisii \u0219i \u00een coali\u021bie. Opozi\u021bia a criticat distribuirea fondurilor, sus\u021bin\u00e2nd c\u0103 documentul nu con\u021bine suficiente m\u0103suri pentru protejarea popula\u021biei \u00een fa\u021ba scumpirilor.<\/p>\n","protected":false},"excerpt":{"rendered":"<p>Ilie Bolojan a declarat recent c\u0103 \u201ea\u021bi votat bugetul, un buget care prevede o nou\u0103 abordare corect\u0103 fa\u021b\u0103 de cet\u0103\u021beni\u201d. Acesta a subliniat c\u0103 toate reformele realizate p\u00e2n\u0103 acum, inclusiv reforma administra\u021biei, reforma pensiilor speciale \u0219i reducerile de cheltuieli din institu\u021biile publice, sunt reflectate \u00een bugetul adoptat. Bolojan a caracterizat acest buget ca fiind \u201eo [&hellip;]<\/p>\n","protected":false},"author":2,"featured_media":9713,"comment_status":"open","ping_status":"open","sticky":false,"template":"","format":"standard","meta":{"jnews-multi-image_gallery":[],"jnews_single_post":[],"jnews_primary_category":[],"jnews_override_counter":[],"footnotes":""},"categories":[42],"tags":[1360,1068,167,12562,3957,302,1057,149],"class_list":["post-9712","post","type-post","status-publish","format-standard","has-post-thumbnail","hentry","category-politica","tag-administratie","tag-buget","tag-cheltuieli","tag-echilibru-financiar","tag-finante-publice","tag-ilie-bolojan","tag-reforme","tag-romania"],"_links":{"self":[{"href":"https:\/\/www.newsrecorder.ro\/app\/wp-json\/wp\/v2\/posts\/9712","targetHints":{"allow":["GET"]}}],"collection":[{"href":"https:\/\/www.newsrecorder.ro\/app\/wp-json\/wp\/v2\/posts"}],"about":[{"href":"https:\/\/www.newsrecorder.ro\/app\/wp-json\/wp\/v2\/types\/post"}],"author":[{"embeddable":true,"href":"https:\/\/www.newsrecorder.ro\/app\/wp-json\/wp\/v2\/users\/2"}],"replies":[{"embeddable":true,"href":"https:\/\/www.newsrecorder.ro\/app\/wp-json\/wp\/v2\/comments?post=9712"}],"version-history":[{"count":0,"href":"https:\/\/www.newsrecorder.ro\/app\/wp-json\/wp\/v2\/posts\/9712\/revisions"}],"wp:featuredmedia":[{"embeddable":true,"href":"https:\/\/www.newsrecorder.ro\/app\/wp-json\/wp\/v2\/media\/9713"}],"wp:attachment":[{"href":"https:\/\/www.newsrecorder.ro\/app\/wp-json\/wp\/v2\/media?parent=9712"}],"wp:term":[{"taxonomy":"category","embeddable":true,"href":"https:\/\/www.newsrecorder.ro\/app\/wp-json\/wp\/v2\/categories?post=9712"},{"taxonomy":"post_tag","embeddable":true,"href":"https:\/\/www.newsrecorder.ro\/app\/wp-json\/wp\/v2\/tags?post=9712"}],"curies":[{"name":"wp","href":"https:\/\/api.w.org\/{rel}","templated":true}]}}