{"id":9722,"date":"2026-03-20T20:30:55","date_gmt":"2026-03-20T20:30:55","guid":{"rendered":"https:\/\/www.newsrecorder.ro\/app\/2026\/03\/20\/alerta-meteo-cod-galben-de-vant-pentru-un-judet-din-romania\/"},"modified":"2026-03-20T20:30:55","modified_gmt":"2026-03-20T20:30:55","slug":"alerta-meteo-cod-galben-de-vant-pentru-un-judet-din-romania","status":"publish","type":"post","link":"https:\/\/www.newsrecorder.ro\/app\/2026\/03\/20\/alerta-meteo-cod-galben-de-vant-pentru-un-judet-din-romania\/","title":{"rendered":"Alert\u0103 meteo: Cod galben de v\u00e2nt pentru un jude\u021b din Rom\u00e2nia!"},"content":{"rendered":"<p class=\"font-claude-response-body break-words whitespace-normal leading-[1.7]\">Codul galben de v\u00e2nt a fost emis pentru jude\u021bul Cara\u0219-Severin, intr\u00e2nd \u00een vigoare vineri sear\u0103. Conform Agen\u021biei Na\u021bionale de Meteorologie (ANM), se a\u0219teapt\u0103 intensific\u0103ri ale v\u00e2ntului cu viteze cuprinse \u00eentre 50 \u0219i 60 km\/h, iar \u00een anumite zone rafalele ar putea atinge \u00eentre 65 \u0219i 70 km\/h.<\/p>\n<p class=\"font-claude-response-body break-words whitespace-normal leading-[1.7]\">Aceast\u0103 avertizare va fi valabil\u0103 timp de aproape dou\u0103 zile, p\u00e2n\u0103 duminic\u0103, 15 martie, la ora 14:00.<\/p>\n<p class=\"font-claude-response-body break-words whitespace-normal leading-[1.7]\">Pe l\u00e2ng\u0103 codul galben, ANM a emis \u0219i o informare meteorologic\u0103 care se va aplica \u00een mai multe regiuni ale \u021b\u0103rii, valabil\u0103 din 13 martie, ora 10:00, p\u00e2n\u0103 pe 15 martie, ora 20:00. V\u00e2ntul va prezenta intensific\u0103ri \u00een urm\u0103toarele zone:<\/p>\n<ul class=\"[li_&amp;]:mb-0 [li_&amp;]:mt-1 [li_&amp;]:gap-1 [&amp;:not(:last-child)_ul]:pb-1 [&amp;:not(:last-child)_ol]:pb-1 list-disc flex flex-col gap-1 pl-8 mb-3\">\n<li class=\"whitespace-normal break-words pl-2\"><strong>Sudul Banatului<\/strong> \u2013 viteze de 40-45 km\/h<\/li>\n<li class=\"whitespace-normal break-words pl-2\"><strong>Nordul Moldovei<\/strong> \u2013 viteze de 40-45 km\/h<\/li>\n<li class=\"whitespace-normal break-words pl-2\"><strong>Transilvania<\/strong> \u2013 intensific\u0103ri pe arii restr\u00e2nse<\/li>\n<li class=\"whitespace-normal break-words pl-2\"><strong>Nord-estul Munteniei<\/strong> \u2013 afectat \u00eencep\u00e2nd de duminic\u0103, 15 martie<\/li>\n<\/ul>\n<p class=\"font-claude-response-body break-words whitespace-normal leading-[1.7]\">\u00cen zonele montane, v\u00e2ntul va atinge cele mai mari viteze, cu rafale de p\u00e2n\u0103 la 80 km\/h. Pe crestele Carpa\u021bilor Meridionali \u0219i \u00een Mun\u021bii Banatului, condi\u021biile vor fi deosebit de severe, cu rafale estimate \u00eentre 60 \u0219i 80 km\/h.<\/p>\n","protected":false},"excerpt":{"rendered":"<p>Codul galben de v\u00e2nt a fost emis pentru jude\u021bul Cara\u0219-Severin, intr\u00e2nd \u00een vigoare vineri sear\u0103. Conform Agen\u021biei Na\u021bionale de Meteorologie (ANM), se a\u0219teapt\u0103 intensific\u0103ri ale v\u00e2ntului cu viteze cuprinse \u00eentre 50 \u0219i 60 km\/h, iar \u00een anumite zone rafalele ar putea atinge \u00eentre 65 \u0219i 70 km\/h. Aceast\u0103 avertizare va fi valabil\u0103 timp de aproape [&hellip;]<\/p>\n","protected":false},"author":5,"featured_media":9723,"comment_status":"open","ping_status":"open","sticky":false,"template":"","format":"standard","meta":{"jnews-multi-image_gallery":[],"jnews_single_post":[],"jnews_primary_category":[],"jnews_override_counter":[],"footnotes":""},"categories":[45],"tags":[5082,196,1422,5156,132,5680,137,742],"class_list":["post-9722","post","type-post","status-publish","format-standard","has-post-thumbnail","hentry","category-meteo","tag-agentia-nationala-de-meteorologie","tag-cod-galben","tag-intensificari","tag-judetul-caras-severin","tag-prognoza","tag-rafale","tag-vant","tag-zone-montane"],"_links":{"self":[{"href":"https:\/\/www.newsrecorder.ro\/app\/wp-json\/wp\/v2\/posts\/9722","targetHints":{"allow":["GET"]}}],"collection":[{"href":"https:\/\/www.newsrecorder.ro\/app\/wp-json\/wp\/v2\/posts"}],"about":[{"href":"https:\/\/www.newsrecorder.ro\/app\/wp-json\/wp\/v2\/types\/post"}],"author":[{"embeddable":true,"href":"https:\/\/www.newsrecorder.ro\/app\/wp-json\/wp\/v2\/users\/5"}],"replies":[{"embeddable":true,"href":"https:\/\/www.newsrecorder.ro\/app\/wp-json\/wp\/v2\/comments?post=9722"}],"version-history":[{"count":0,"href":"https:\/\/www.newsrecorder.ro\/app\/wp-json\/wp\/v2\/posts\/9722\/revisions"}],"wp:featuredmedia":[{"embeddable":true,"href":"https:\/\/www.newsrecorder.ro\/app\/wp-json\/wp\/v2\/media\/9723"}],"wp:attachment":[{"href":"https:\/\/www.newsrecorder.ro\/app\/wp-json\/wp\/v2\/media?parent=9722"}],"wp:term":[{"taxonomy":"category","embeddable":true,"href":"https:\/\/www.newsrecorder.ro\/app\/wp-json\/wp\/v2\/categories?post=9722"},{"taxonomy":"post_tag","embeddable":true,"href":"https:\/\/www.newsrecorder.ro\/app\/wp-json\/wp\/v2\/tags?post=9722"}],"curies":[{"name":"wp","href":"https:\/\/api.w.org\/{rel}","templated":true}]}}