{"id":9726,"date":"2026-03-20T20:31:35","date_gmt":"2026-03-20T20:31:35","guid":{"rendered":"https:\/\/www.newsrecorder.ro\/app\/2026\/03\/20\/vreme-calda-in-tara-dar-precipitatii-vin-dupa-15-martie\/"},"modified":"2026-03-20T20:31:35","modified_gmt":"2026-03-20T20:31:35","slug":"vreme-calda-in-tara-dar-precipitatii-vin-dupa-15-martie","status":"publish","type":"post","link":"https:\/\/www.newsrecorder.ro\/app\/2026\/03\/20\/vreme-calda-in-tara-dar-precipitatii-vin-dupa-15-martie\/","title":{"rendered":"Vreme cald\u0103 \u00een \u021bar\u0103, dar precipita\u021bii vin dup\u0103 15 martie!"},"content":{"rendered":"<p>\u00cen intervalul 9 \u2013 11 martie, regiunea Banat se va bucura de o u\u0219oar\u0103 cre\u0219tere a temperaturilor, cu maxime estimate \u00eentre 15 \u0219i 18 grade Celsius. P\u00e2n\u0103 la mijlocul lunii, valorile maxime se vor men\u021bine \u00een jurul a 18 grade, urm\u00e2nd s\u0103 scad\u0103 treptat p\u00e2n\u0103 la aproximativ 16 grade, stabiliz\u00e2ndu-se \u00een aceast\u0103 zon\u0103 p\u00e2n\u0103 pe 23 martie. Totu\u0219i, pentru aceast\u0103 ultim\u0103 perioad\u0103, prognoza devine mai incert\u0103, exist\u00e2nd posibilitatea unor fluctua\u021bii \u0219i a unor temperaturi mai sc\u0103zute. Media minimelor va fi de 2-4 grade, iar \u0219ansele de precipita\u021bii vor cre\u0219te u\u0219or dup\u0103 17 martie.<\/p>\n<p>\u00cen Cri\u0219ana, estim\u0103rile indic\u0103 de asemenea temperaturi mai ridicate dec\u00e2t cele obi\u0219nuite, cu maxime \u00eentre 15 \u0219i 18 grade p\u00e2n\u0103 spre jum\u0103tatea lunii martie. Primele dou\u0103 nop\u021bi din interval se vor caracteriza prin minime de aproximativ 1 grad, urmate de o u\u0219oar\u0103 cre\u0219tere, cu valori \u00eentre 2 \u0219i 4 grade dup\u0103 11 martie. Probabilitatea de precipita\u021bii va cre\u0219te \u00een jurul datei de 13 martie \u0219i va continua s\u0103 fie ridicat\u0103 dup\u0103 16 martie.<\/p>\n<p>Transilvania va experimenta temperaturi maxime estimate \u00eentre 14 \u0219i 16 grade \u00een perioada 9 \u2013 23 martie, cu cele mai ridicate valori \u00eentre 12 \u0219i 16 martie. Minimele, care vor fi negative \u00eentre 10 \u0219i 16 martie, se vor \u00eencadra \u00eentre -4 \u0219i -2 grade, iar dup\u0103 16 martie se vor stabiliza \u00een jurul valorii de 0 grade. De asemenea, exist\u0103 posibilitatea unor precipita\u021bii slabe dup\u0103 17 martie.<\/p>\n<p>\u00cen Maramure\u0219, estim\u0103rile pe perioada 9 \u2013 23 martie prezic temperaturi maxime \u00eentre 15 \u0219i 18 grade, cele mai ridicate valori fiind a\u0219teptate \u00een intervalul 12 \u2013 15 martie. Minimele vor fi negative \u00eentre 10 \u0219i 12 martie, ajung\u00e2nd \u00een jurul valorii de -1 grad, \u00eenainte de a cre\u0219te la aproximativ 2 grade \u00eencep\u00e2nd cu 13 martie. De asemenea, \u0219ansele de precipita\u021bii vor cre\u0219te dup\u0103 16 martie.<\/p>\n<p>Moldova va avea o medie zilnic\u0103 a temperaturilor maxime \u00eentre 14 \u0219i 16 grade pe parcursul \u00eentregului interval de prognoz\u0103. Minimele vor sc\u0103dea la -1 grad \u00een perioada 10 \u2013 13 martie, pentru apoi s\u0103 creasc\u0103 la aproximativ 1 grad p\u00e2n\u0103 la finalul prognozei. Precipita\u021biile slabe sunt posibile dup\u0103 18 martie.<\/p>\n<p>\u00cen Dobrogea, temperaturile maxime se vor men\u021bine \u00een jurul valorii de 12 grade, iar minimele vor varia u\u0219or \u00eentre 0 \u0219i 2 grade \u00een intervalul 10 \u2013 14 martie, cu o u\u0219oar\u0103 cre\u0219tere la aproximativ 3 grade ulterior. De asemenea, precipita\u021biile slabe sunt a\u0219teptate dup\u0103 18 martie.<\/p>\n<p>\u00cen Muntenia, media zilnic\u0103 a temperaturilor maxime va varia \u00eentre 14 \u0219i 16 grade pe toat\u0103 durata prognozei, iar minimele vor fi \u00een jurul valorii de -1 grad \u00eentre 10 \u0219i 13 martie, cresc\u00e2nd la aproximativ 2 grade p\u00e2n\u0103 la finalul perioadei. De\u0219i regimul pluviometric va fi deficitar, exist\u0103 posibilit\u0103\u021bi de precipita\u021bii slabe dup\u0103 18 martie.<\/p>\n<p>\u00cen Oltenia, \u00eentre 9 \u0219i 23 martie, temperaturile maxime vor varia \u00eentre 13 \u0219i 16 grade, cu cele mai ridicate valori \u00eenregistrate \u00eentre 12 \u0219i 14 martie. Minimele vor fi \u00een jurul valorii de 0 grade \u00een perioada 10 \u2013 12 martie, cresc\u00e2nd u\u0219or la aproximativ 2 grade ulterior. De asemenea, sunt posibile precipita\u021bii slabe dup\u0103 17 martie.<\/p>\n<p>\u00cen zona montan\u0103, se estimeaz\u0103 temperaturi maxime \u00eentre 4 \u0219i 7 grade \u00een perioada 9 \u2013 23 martie, cu cele mai ridicate valori \u00eentre 11 \u0219i 13 martie. Media temperaturilor minime va fi \u00eentre -4 \u0219i -2 grade, iar precipita\u021biile slabe sunt posibile dup\u0103 16 martie.<\/p>\n","protected":false},"excerpt":{"rendered":"<p>\u00cen intervalul 9 \u2013 11 martie, regiunea Banat se va bucura de o u\u0219oar\u0103 cre\u0219tere a temperaturilor, cu maxime estimate \u00eentre 15 \u0219i 18 grade Celsius. P\u00e2n\u0103 la mijlocul lunii, valorile maxime se vor men\u021bine \u00een jurul a 18 grade, urm\u00e2nd s\u0103 scad\u0103 treptat p\u00e2n\u0103 la aproximativ 16 grade, stabiliz\u00e2ndu-se \u00een aceast\u0103 zon\u0103 p\u00e2n\u0103 pe [&hellip;]<\/p>\n","protected":false},"author":5,"featured_media":9727,"comment_status":"open","ping_status":"open","sticky":false,"template":"","format":"standard","meta":{"jnews-multi-image_gallery":[],"jnews_single_post":[],"jnews_primary_category":[],"jnews_override_counter":[],"footnotes":""},"categories":[45],"tags":[197,200,5163,198,199,135,141,126],"class_list":["post-9726","post","type-post","status-publish","format-standard","has-post-thumbnail","hentry","category-meteo","tag-banat","tag-crisana","tag-martie","tag-maxime","tag-minime","tag-precipitatii","tag-prognoza-meteo","tag-temperaturi"],"_links":{"self":[{"href":"https:\/\/www.newsrecorder.ro\/app\/wp-json\/wp\/v2\/posts\/9726","targetHints":{"allow":["GET"]}}],"collection":[{"href":"https:\/\/www.newsrecorder.ro\/app\/wp-json\/wp\/v2\/posts"}],"about":[{"href":"https:\/\/www.newsrecorder.ro\/app\/wp-json\/wp\/v2\/types\/post"}],"author":[{"embeddable":true,"href":"https:\/\/www.newsrecorder.ro\/app\/wp-json\/wp\/v2\/users\/5"}],"replies":[{"embeddable":true,"href":"https:\/\/www.newsrecorder.ro\/app\/wp-json\/wp\/v2\/comments?post=9726"}],"version-history":[{"count":0,"href":"https:\/\/www.newsrecorder.ro\/app\/wp-json\/wp\/v2\/posts\/9726\/revisions"}],"wp:featuredmedia":[{"embeddable":true,"href":"https:\/\/www.newsrecorder.ro\/app\/wp-json\/wp\/v2\/media\/9727"}],"wp:attachment":[{"href":"https:\/\/www.newsrecorder.ro\/app\/wp-json\/wp\/v2\/media?parent=9726"}],"wp:term":[{"taxonomy":"category","embeddable":true,"href":"https:\/\/www.newsrecorder.ro\/app\/wp-json\/wp\/v2\/categories?post=9726"},{"taxonomy":"post_tag","embeddable":true,"href":"https:\/\/www.newsrecorder.ro\/app\/wp-json\/wp\/v2\/tags?post=9726"}],"curies":[{"name":"wp","href":"https:\/\/api.w.org\/{rel}","templated":true}]}}