{"id":9788,"date":"2026-03-20T22:49:07","date_gmt":"2026-03-20T22:49:07","guid":{"rendered":"https:\/\/www.newsrecorder.ro\/app\/2026\/03\/20\/trump-armata-americana-se-misca-liber-in-jurul-iranului\/"},"modified":"2026-03-20T22:49:07","modified_gmt":"2026-03-20T22:49:07","slug":"trump-armata-americana-se-misca-liber-in-jurul-iranului","status":"publish","type":"post","link":"https:\/\/www.newsrecorder.ro\/app\/2026\/03\/20\/trump-armata-americana-se-misca-liber-in-jurul-iranului\/","title":{"rendered":"Trump: Armata american\u0103 &#8222;se mi\u0219c\u0103 liber&#8221; \u00een jurul Iranului!"},"content":{"rendered":"<p>Donald Trump a oferit recent declara\u021bii \u00een fa\u021ba Casei Albe, interac\u021bion\u00e2nd cu reporterii prezen\u021bi. C\u00e2nd a fost \u00eentrebat despre un posibil plan pentru Insula Kharg, fostul pre\u0219edinte a r\u0103spuns enigmatic: \u201ePoate c\u0103 am un plan, poate c\u0103 nu, dar cum a\u0219 putea vreodat\u0103 s\u0103 \u00eemp\u0103rt\u0103\u0219esc asta cu un reporter?\u201d.<\/p>\n<p>\u00cen continuare, Trump a ad\u0103ugat c\u0103 Insula Kharg este cu siguran\u021b\u0103 un subiect de discu\u021bie important \u00een cercurile interna\u021bionale.<\/p>\n<p>Referitor la comentariile sale anterioare despre victoria militar\u0103 \u00een Iran, Trump a explicat c\u0103 Statele Unite \u201ese plimb\u0103 libere\u201d \u00een aceast\u0103 \u021bar\u0103, suger\u00e2nd c\u0103 din punct de vedere militar, activit\u0103\u021bile s-au \u00eencheiat.<\/p>\n<p>C\u00e2nd a fost \u00eentrebat despre redeschiderea Str\u00e2mtorii Ormuz, esen\u021bial\u0103 pentru transportul de petrol \u0219i gaze, el a afirmat: \u201eNu o folosim. La un moment dat, se va deschide de la sine\u201d. Trump a subliniat c\u0103 ar fi \u201efrumos\u201d ca na\u021biunile care depind de aceast\u0103 str\u00e2mtoare, \u00een special China, s\u0103 se \u201eimplice\u201d mai activ \u00een discu\u021bii.<\/p>\n<p>\u00cen final, fostul pre\u0219edinte a abordat \u0219i subiectul sf\u00e2r\u0219itului r\u0103zboiului, afirm\u00e2nd: \u201eNu vreau s\u0103 fac un armisti\u021biu. Nu faci un armisti\u021biu c\u00e2nd distrugi literalmente cealalt\u0103 parte\u201d.<\/p>\n","protected":false},"excerpt":{"rendered":"<p>Donald Trump a oferit recent declara\u021bii \u00een fa\u021ba Casei Albe, interac\u021bion\u00e2nd cu reporterii prezen\u021bi. C\u00e2nd a fost \u00eentrebat despre un posibil plan pentru Insula Kharg, fostul pre\u0219edinte a r\u0103spuns enigmatic: \u201ePoate c\u0103 am un plan, poate c\u0103 nu, dar cum a\u0219 putea vreodat\u0103 s\u0103 \u00eemp\u0103rt\u0103\u0219esc asta cu un reporter?\u201d. \u00cen continuare, Trump a ad\u0103ugat c\u0103 [&hellip;]<\/p>\n","protected":false},"author":2,"featured_media":9789,"comment_status":"open","ping_status":"open","sticky":false,"template":"","format":"standard","meta":{"jnews-multi-image_gallery":[],"jnews_single_post":[],"jnews_primary_category":[],"jnews_override_counter":[],"footnotes":""},"categories":[41],"tags":[1053,10259,12612,12611,680,8772,1735,12610],"class_list":["post-9788","post","type-post","status-publish","format-standard","has-post-thumbnail","hentry","category-externe","tag-declaratii","tag-insula-kharg","tag-politica-internationala","tag-reporterii","tag-statele-unite","tag-stramtoarea-ormuz","tag-trump","tag-victoria-militara"],"_links":{"self":[{"href":"https:\/\/www.newsrecorder.ro\/app\/wp-json\/wp\/v2\/posts\/9788","targetHints":{"allow":["GET"]}}],"collection":[{"href":"https:\/\/www.newsrecorder.ro\/app\/wp-json\/wp\/v2\/posts"}],"about":[{"href":"https:\/\/www.newsrecorder.ro\/app\/wp-json\/wp\/v2\/types\/post"}],"author":[{"embeddable":true,"href":"https:\/\/www.newsrecorder.ro\/app\/wp-json\/wp\/v2\/users\/2"}],"replies":[{"embeddable":true,"href":"https:\/\/www.newsrecorder.ro\/app\/wp-json\/wp\/v2\/comments?post=9788"}],"version-history":[{"count":0,"href":"https:\/\/www.newsrecorder.ro\/app\/wp-json\/wp\/v2\/posts\/9788\/revisions"}],"wp:featuredmedia":[{"embeddable":true,"href":"https:\/\/www.newsrecorder.ro\/app\/wp-json\/wp\/v2\/media\/9789"}],"wp:attachment":[{"href":"https:\/\/www.newsrecorder.ro\/app\/wp-json\/wp\/v2\/media?parent=9788"}],"wp:term":[{"taxonomy":"category","embeddable":true,"href":"https:\/\/www.newsrecorder.ro\/app\/wp-json\/wp\/v2\/categories?post=9788"},{"taxonomy":"post_tag","embeddable":true,"href":"https:\/\/www.newsrecorder.ro\/app\/wp-json\/wp\/v2\/tags?post=9788"}],"curies":[{"name":"wp","href":"https:\/\/api.w.org\/{rel}","templated":true}]}}