{"id":9790,"date":"2026-03-20T22:49:26","date_gmt":"2026-03-20T22:49:26","guid":{"rendered":"https:\/\/www.newsrecorder.ro\/app\/2026\/03\/20\/iranul-ameninta-nicio-destinatie-din-lume-nu-va-fi-in-siguranta\/"},"modified":"2026-03-20T22:49:26","modified_gmt":"2026-03-20T22:49:26","slug":"iranul-ameninta-nicio-destinatie-din-lume-nu-va-fi-in-siguranta","status":"publish","type":"post","link":"https:\/\/www.newsrecorder.ro\/app\/2026\/03\/20\/iranul-ameninta-nicio-destinatie-din-lume-nu-va-fi-in-siguranta\/","title":{"rendered":"Iranul amenin\u021b\u0103: \u201eNicio destina\u021bie din lume nu va fi \u00een siguran\u021b\u0103!\u201d"},"content":{"rendered":"<p class=\"font-claude-response-body break-words whitespace-normal leading-[1.7]\">Recent, purt\u0103torul de cuv\u00e2nt militar al <a href=\"https:\/\/www.mediafax.ro\/externe\/rusia-se-ofera-sa-inceteze-schimbul-de-informatii-cu-iranul-daca-sua-isi-retrag-sprijinul-acordat-ucrainei-23707114\">Iranului<\/a>, Abolfazl Shekarchi, a emis o avertizare alarmant\u0103, sus\u021bin\u00e2nd c\u0103 destina\u021biile turistice din \u00eentreaga lume nu vor mai fi sigure. Aceast\u0103 amenin\u021bare este \u00eendreptat\u0103 \u00eempotriva inamicilor Iranului, conform unui raport publicat de <a href=\"https:\/\/www.express.co.uk\/news\/world\/2184777\/iran-war-threat-tourist-destinations\" target=\"_blank\" rel=\"noopener\">Express<\/a>.<\/p>\n<p class=\"font-claude-response-body break-words whitespace-normal leading-[1.7]\">\u201eDe acum \u00eenainte, pe baza informa\u021biilor pe care le avem despre voi, nici m\u0103car parcurile, zonele de agrement \u0219i destina\u021biile turistice de oriunde din lume nu vor mai fi sigure pentru voi\u201d, a declarat oficialul iranian prin intermediul televiziunii de stat.<\/p>\n<p class=\"font-claude-response-body break-words whitespace-normal leading-[1.7]\">Aceast\u0103 amenin\u021bare a st\u00e2rnit temeri reinvigorate cu privire la posibilitatea ca Iranul s\u0103 recurg\u0103 din nou la atacuri militante \u00een afara Orientului Mijlociu, ca parte a unei strategii de presiune.<\/p>\n<h2>Contextul declara\u021biei<\/h2>\n<p class=\"font-claude-response-body break-words whitespace-normal leading-[1.7]\">Avertismentul lui Shekarchi a venit \u00een urma unor atacuri masive desf\u0103\u0219urate de SUA \u0219i Israel \u00eempotriva Iranului, parte a unei opera\u021biuni denumite \u201eEpic Fury\u201d. Aceste atacuri aeriene au dus la eliminarea mai multor oficiali de rang \u00eenalt, precum fostul ministru al Informa\u021biilor, Esmail Khatib, \u0219i generalul Ali Mohammad Naeini.<\/p>\n<p class=\"font-claude-response-body break-words whitespace-normal leading-[1.7]\">\u00cen urma acestor evenimente, noul Lider Suprem al Iranului, Mojtaba Khamenei, a exprimat condolean\u021be \u0219i a subliniat importan\u021ba asigur\u0103rii securit\u0103\u021bii \u00eempotriva du\u0219manilor, at\u00e2t interni, c\u00e2t \u0219i externi.<\/p>\n<h2>Str\u00e2mtoarea Ormuz, \u00een centrul crizei<\/h2>\n<p class=\"font-claude-response-body break-words whitespace-normal leading-[1.7]\">Recent, SUA au desf\u0103\u0219urat elicoptere Apache \u0219i avioane de v\u00e2n\u0103toare pentru a ataca navele iraniene \u00een Str\u00e2mtoarea Hormuz, care a fost \u00eenchis\u0103 de Iran \u00eencep\u00e2nd cu \u00eenceputul lunii martie.<\/p>\n<p class=\"font-claude-response-body break-words whitespace-normal leading-[1.7]\">Liderii Marii Britanii, Fran\u021bei, Germaniei, Italiei, Olandei, Japoniei \u0219i Canadei au solicitat Iranului s\u0103 \u00eenceteze imediat activit\u0103\u021bile de minare \u0219i atacurile cu drone, exprim\u00e2ndu-\u0219i disponibilitatea de a contribui la asigurarea unui tranzit sigur prin aceast\u0103 str\u00e2mtoare strategic\u0103.<\/p>\n","protected":false},"excerpt":{"rendered":"<p>Recent, purt\u0103torul de cuv\u00e2nt militar al Iranului, Abolfazl Shekarchi, a emis o avertizare alarmant\u0103, sus\u021bin\u00e2nd c\u0103 destina\u021biile turistice din \u00eentreaga lume nu vor mai fi sigure. Aceast\u0103 amenin\u021bare este \u00eendreptat\u0103 \u00eempotriva inamicilor Iranului, conform unui raport publicat de Express. \u201eDe acum \u00eenainte, pe baza informa\u021biilor pe care le avem despre voi, nici m\u0103car parcurile, zonele [&hellip;]<\/p>\n","protected":false},"author":2,"featured_media":9791,"comment_status":"open","ping_status":"open","sticky":false,"template":"","format":"standard","meta":{"jnews-multi-image_gallery":[],"jnews_single_post":[],"jnews_primary_category":[],"jnews_override_counter":[],"footnotes":""},"categories":[41],"tags":[12614,4053,12613,913,2211,3503,874,386],"class_list":["post-9790","post","type-post","status-publish","format-standard","has-post-thumbnail","hentry","category-externe","tag-abolfazl-shekarchi","tag-amenintare","tag-atacuri-militante","tag-iran","tag-orientul-mijlociu","tag-presiune","tag-securitate","tag-turism"],"_links":{"self":[{"href":"https:\/\/www.newsrecorder.ro\/app\/wp-json\/wp\/v2\/posts\/9790","targetHints":{"allow":["GET"]}}],"collection":[{"href":"https:\/\/www.newsrecorder.ro\/app\/wp-json\/wp\/v2\/posts"}],"about":[{"href":"https:\/\/www.newsrecorder.ro\/app\/wp-json\/wp\/v2\/types\/post"}],"author":[{"embeddable":true,"href":"https:\/\/www.newsrecorder.ro\/app\/wp-json\/wp\/v2\/users\/2"}],"replies":[{"embeddable":true,"href":"https:\/\/www.newsrecorder.ro\/app\/wp-json\/wp\/v2\/comments?post=9790"}],"version-history":[{"count":0,"href":"https:\/\/www.newsrecorder.ro\/app\/wp-json\/wp\/v2\/posts\/9790\/revisions"}],"wp:featuredmedia":[{"embeddable":true,"href":"https:\/\/www.newsrecorder.ro\/app\/wp-json\/wp\/v2\/media\/9791"}],"wp:attachment":[{"href":"https:\/\/www.newsrecorder.ro\/app\/wp-json\/wp\/v2\/media?parent=9790"}],"wp:term":[{"taxonomy":"category","embeddable":true,"href":"https:\/\/www.newsrecorder.ro\/app\/wp-json\/wp\/v2\/categories?post=9790"},{"taxonomy":"post_tag","embeddable":true,"href":"https:\/\/www.newsrecorder.ro\/app\/wp-json\/wp\/v2\/tags?post=9790"}],"curies":[{"name":"wp","href":"https:\/\/api.w.org\/{rel}","templated":true}]}}