{"id":9796,"date":"2026-03-20T23:10:48","date_gmt":"2026-03-20T23:10:48","guid":{"rendered":"https:\/\/www.newsrecorder.ro\/app\/2026\/03\/20\/atacul-de-la-ras-laffan-gazul-mondial-in-criza-europenii-platesc\/"},"modified":"2026-03-20T23:10:48","modified_gmt":"2026-03-20T23:10:48","slug":"atacul-de-la-ras-laffan-gazul-mondial-in-criza-europenii-platesc","status":"publish","type":"post","link":"https:\/\/www.newsrecorder.ro\/app\/2026\/03\/20\/atacul-de-la-ras-laffan-gazul-mondial-in-criza-europenii-platesc\/","title":{"rendered":"Atacul de la Ras Laffan: Gazul mondial \u00een criz\u0103, europenii pl\u0103tesc!"},"content":{"rendered":"<p class=\"font-claude-response-body break-words whitespace-normal leading-[1.7]\">Recent, complexul Ras Laffan, situat la aproximativ 80 de kilometri nord-est de Doha, a fost scena a dou\u0103 atacuri cu rachete devastatoare. Primul atac a cauzat daune semnificative instala\u021biei Shell de conversie a gazului \u00een lichide, cunoscut\u0103 sub numele de Pearl, iar al doilea a dus la incendii extinse \u0219i pagube suplimentare \u00een mai multe unit\u0103\u021bi de gaz natural lichefiat (GNL).<\/p>\n<p class=\"font-claude-response-body break-words whitespace-normal leading-[1.7]\">Aceste atacuri, atribuite Iranului, au venit ca reac\u021bie la un bombardament israelian care a vizat un complex petrochimic din Iran, conform informa\u021biilor furnizate de BBC.<\/p>\n<p class=\"font-claude-response-body break-words whitespace-normal leading-[1.7]\">Impactul acestor evenimente asupra pie\u021belor energetice globale este semnificativ. Ras Laffan este un produc\u0103tor major, contribuind cu aproximativ 20% din aprovizionarea mondial\u0103 cu GNL, iar livr\u0103rile c\u0103tre Europa \u0219i Asia sunt acum suspendate pe durata repara\u021biilor necesare.<\/p>\n<p class=\"font-claude-response-body break-words whitespace-normal leading-[1.7]\">Dup\u0103 atacuri, pre\u021burile gazelor au crescut dramatic. \u00cen Marea Britanie, pre\u021bul a atins un maxim de aproape 183 de pence pe term, iar \u00een Europa, cre\u0219terea a dep\u0103\u0219it 10% \u00eentr-o singur\u0103 zi, ceea ce subliniaz\u0103 volatilitatea pie\u021belor energetice \u00een fa\u021ba acestor crize.<\/p>\n<p class=\"font-claude-response-body break-words whitespace-normal leading-[1.7]\">Compania de consultan\u021b\u0103 Wood Mackenzie a emis o avertizare, afirm\u00e2nd c\u0103 aceste atacuri \u201eremodeleaz\u0103 radical perspectivele globale privind GNL\u201d. Redresarea rapid\u0103, anticipat\u0103 p\u00e2n\u0103 la mijlocul anului 2026, \u201epare acum din ce \u00een ce mai pu\u021bin probabil\u0103\u201d, ceea ce indic\u0103 o instabilitate pe termen lung.<\/p>\n<p class=\"font-claude-response-body break-words whitespace-normal leading-[1.7]\">\u00cen ceea ce prive\u0219te consumatorii, Nick Butler, fost responsabil de strategie la BP, a subliniat c\u0103 pre\u021bul gazului va cre\u0219te inevitabil. El a declarat: \u201eAcel gaz nu va putea fi \u00eenlocuit \u00een scurt timp, \u0219i poate nici pentru mult timp\u201d.<\/p>\n<p class=\"font-claude-response-body break-words whitespace-normal leading-[1.7]\">Saad Sherida Al-Kaabi, \u0219eful QatarEnergy, a descris atacurile ca fiind \u201eun atac asupra securit\u0103\u021bii \u0219i stabilit\u0103\u021bii energetice globale\u201d, eviden\u021biind gravitatea situa\u021biei.<\/p>\n<p class=\"font-claude-response-body break-words whitespace-normal leading-[1.7]\">De\u0219i Marea Britanie import\u0103 mai pu\u021bin de 2% din GNL-ul s\u0103u din Qatar, efectele acestei crize se resimt pe \u00eentregul lan\u021b energetic. Cre\u0219terea pre\u021burilor gazului se traduce, inevitabil, \u00een facturi mai mari la electricitate pentru consumatori.<\/p>\n<p class=\"font-claude-response-body break-words whitespace-normal leading-[1.7]\">Butler a avertizat c\u0103 \u201eguvernul va trebui s\u0103 intervin\u0103 cu un plan de securitate energetic\u0103 pentru a proteja persoanele care vor pl\u0103ti pre\u021buri mai mari \u00een urm\u0103toarele dou\u0103 sau trei luni\u201d, subliniind nevoia de m\u0103suri proactive \u00een fa\u021ba acestei crize energetice emergente.<\/p>\n","protected":false},"excerpt":{"rendered":"<p>Recent, complexul Ras Laffan, situat la aproximativ 80 de kilometri nord-est de Doha, a fost scena a dou\u0103 atacuri cu rachete devastatoare. Primul atac a cauzat daune semnificative instala\u021biei Shell de conversie a gazului \u00een lichide, cunoscut\u0103 sub numele de Pearl, iar al doilea a dus la incendii extinse \u0219i pagube suplimentare \u00een mai multe [&hellip;]<\/p>\n","protected":false},"author":2,"featured_media":9797,"comment_status":"open","ping_status":"open","sticky":false,"template":"","format":"standard","meta":{"jnews-multi-image_gallery":[],"jnews_single_post":[],"jnews_primary_category":[],"jnews_override_counter":[],"footnotes":""},"categories":[41],"tags":[8591,12420,5173,913,10249,12623,12622,11568],"class_list":["post-9796","post","type-post","status-publish","format-standard","has-post-thumbnail","hentry","category-externe","tag-atacuri-cu-rachete","tag-gaz-natural-lichefiat","tag-incendii","tag-iran","tag-piete-energetice","tag-preturi-gaz","tag-ras-laffan","tag-shell"],"_links":{"self":[{"href":"https:\/\/www.newsrecorder.ro\/app\/wp-json\/wp\/v2\/posts\/9796","targetHints":{"allow":["GET"]}}],"collection":[{"href":"https:\/\/www.newsrecorder.ro\/app\/wp-json\/wp\/v2\/posts"}],"about":[{"href":"https:\/\/www.newsrecorder.ro\/app\/wp-json\/wp\/v2\/types\/post"}],"author":[{"embeddable":true,"href":"https:\/\/www.newsrecorder.ro\/app\/wp-json\/wp\/v2\/users\/2"}],"replies":[{"embeddable":true,"href":"https:\/\/www.newsrecorder.ro\/app\/wp-json\/wp\/v2\/comments?post=9796"}],"version-history":[{"count":0,"href":"https:\/\/www.newsrecorder.ro\/app\/wp-json\/wp\/v2\/posts\/9796\/revisions"}],"wp:featuredmedia":[{"embeddable":true,"href":"https:\/\/www.newsrecorder.ro\/app\/wp-json\/wp\/v2\/media\/9797"}],"wp:attachment":[{"href":"https:\/\/www.newsrecorder.ro\/app\/wp-json\/wp\/v2\/media?parent=9796"}],"wp:term":[{"taxonomy":"category","embeddable":true,"href":"https:\/\/www.newsrecorder.ro\/app\/wp-json\/wp\/v2\/categories?post=9796"},{"taxonomy":"post_tag","embeddable":true,"href":"https:\/\/www.newsrecorder.ro\/app\/wp-json\/wp\/v2\/tags?post=9796"}],"curies":[{"name":"wp","href":"https:\/\/api.w.org\/{rel}","templated":true}]}}