{"id":9800,"date":"2026-03-20T23:11:36","date_gmt":"2026-03-20T23:11:36","guid":{"rendered":"https:\/\/www.newsrecorder.ro\/app\/2026\/03\/20\/fabrica-de-portelanuri-din-ungaria-isi-eficientizeaza-afacerea-si-salveaza-600-de-locuri-de-munca\/"},"modified":"2026-03-20T23:11:36","modified_gmt":"2026-03-20T23:11:36","slug":"fabrica-de-portelanuri-din-ungaria-isi-eficientizeaza-afacerea-si-salveaza-600-de-locuri-de-munca","status":"publish","type":"post","link":"https:\/\/www.newsrecorder.ro\/app\/2026\/03\/20\/fabrica-de-portelanuri-din-ungaria-isi-eficientizeaza-afacerea-si-salveaza-600-de-locuri-de-munca\/","title":{"rendered":"Fabrica de por\u021belanuri din Ungaria \u00ee\u0219i eficientizeaz\u0103 afacerea \u0219i salveaz\u0103 600 de locuri de munc\u0103!"},"content":{"rendered":"<p>Anun\u021bul recent a fost f\u0103cut de P\u00e9ter Szijj\u00e1rt\u00f3, ministrul ungar al Afacerilor Externe \u0219i Comer\u021bului, joi, \u00een ora\u0219ul Herend, din jude\u021bul Veszpr\u00e9m, conform informa\u021biilor furnizate de <a href=\"https:\/\/hungarytoday.hu\/herend-porcelain-manufactory-secures-600-jobs-through-modernization\/\" target=\"_blank\" rel=\"noopener\">hungarytoday.hu<\/a>. Aceast\u0103 investi\u021bie reprezint\u0103 o component\u0103 esen\u021bial\u0103 a programului guvernamental denumit \u201eFactory Rescue Program\u201d. <\/p>\n<p>Compania Herend, renumit\u0103 la nivel mondial pentru por\u021belanul s\u0103u de lux pictat manual, a alocat 742 milioane forin\u021bi (aproximativ 1,9 milioane euro) pentru modernizarea sursei de energie. Aceast\u0103 ini\u021biativ\u0103 va permite economisirea a circa 40.000 de metri cubi de gaze naturale pe an. Proiectul a beneficiat de sprijin guvernamental sub forma unui grant de 293 milioane forin\u021bi (748.000 euro). <\/p>\n<p>Ministrul Szijj\u00e1rt\u00f3 a subliniat importan\u021ba acestui demers pentru men\u021binerea competitivit\u0103\u021bii interna\u021bionale a companiei. \u201eCu o rat\u0103 de export de 90%, Herend reprezint\u0103 un etalon al economiei maghiare, av\u00e2nd nevoie de o infrastructur\u0103 energetic\u0103 stabil\u0103 \u0219i eficient\u0103, \u00een special \u00een perioade de incertitudine global\u0103\u201d, a afirmat acesta. <\/p>\n<p>De asemenea, oficialul a prezentat bilan\u021bul programului \u201eFactory Rescue Program\u201d, care a fost ini\u021biat ca reac\u021bie la cre\u0219terea pre\u021burilor la energie cauzat\u0103 de conflictul din Ucraina. P\u00e2n\u0103 \u00een prezent, 140 de companii, dintre care 120 sunt din Ungaria, au beneficiat de sprijin pentru investi\u021bii \u00een energie regenerabil\u0103, cu un total de 300 miliarde forin\u021bi (765 milioane euro). Aceste m\u0103suri au contribuit la men\u021binerea a peste 50.000 de locuri de munc\u0103 la nivel na\u021bional.<\/p>\n<p>\u00cen ceea ce prive\u0219te politica energetic\u0103, ministrul Szijj\u00e1rt\u00f3 a avertizat c\u0103 Europa se confrunt\u0103 cu una dintre cele mai grave crize de aprovizionare cu petrol, cauzat\u0103 de conflictul din Iran \u0219i posibile blocaje \u00een Str\u00e2mtoarea Ormuz. Critic\u00e2nd politicile energetice europene, el a considerat c\u0103 renun\u021barea la petrolul rusesc a fost o \u201edecizie gre\u0219it\u0103\u201d. \u201eEuropa va fi cel mai mare pierz\u0103tor \u00een aceast\u0103 nou\u0103 criz\u0103. C\u00e2nd sursele de energie devin rare, pre\u021burile cresc drastic, amenin\u021b\u00e2nd competitivitatea companiilor \u0219i, implicit, locurile de munc\u0103\u201d, a declarat Szijj\u00e1rt\u00f3. <\/p>\n<p>Ministrul a asigurat c\u0103 guvernul ungar va continua s\u0103 lupte pentru asigurarea accesului la energie la pre\u021buri accesibile, indiferent de sursa acesteia. El a concluzionat c\u0103 energia accesibil\u0103 r\u0103m\u00e2ne un fundament esen\u021bial at\u00e2t pentru nivelul de trai al familiilor, c\u00e2t \u0219i pentru succesul companiilor tradi\u021bionale ungare, cum ar fi Herend Porcelain Manufactory.<\/p>\n","protected":false},"excerpt":{"rendered":"<p>Anun\u021bul recent a fost f\u0103cut de P\u00e9ter Szijj\u00e1rt\u00f3, ministrul ungar al Afacerilor Externe \u0219i Comer\u021bului, joi, \u00een ora\u0219ul Herend, din jude\u021bul Veszpr\u00e9m, conform informa\u021biilor furnizate de hungarytoday.hu. Aceast\u0103 investi\u021bie reprezint\u0103 o component\u0103 esen\u021bial\u0103 a programului guvernamental denumit \u201eFactory Rescue Program\u201d. Compania Herend, renumit\u0103 la nivel mondial pentru por\u021belanul s\u0103u de lux pictat manual, a alocat [&hellip;]<\/p>\n","protected":false},"author":2,"featured_media":9801,"comment_status":"open","ping_status":"open","sticky":false,"template":"","format":"standard","meta":{"jnews-multi-image_gallery":[],"jnews_single_post":[],"jnews_primary_category":[],"jnews_override_counter":[],"footnotes":""},"categories":[41],"tags":[513,191,6763,12629,368,12630,12631,1924],"class_list":["post-9800","post","type-post","status-publish","format-standard","has-post-thumbnail","hentry","category-externe","tag-competitivitate","tag-energie","tag-export","tag-herend","tag-investitie","tag-portelan","tag-program-guvernamental","tag-ungaria"],"_links":{"self":[{"href":"https:\/\/www.newsrecorder.ro\/app\/wp-json\/wp\/v2\/posts\/9800","targetHints":{"allow":["GET"]}}],"collection":[{"href":"https:\/\/www.newsrecorder.ro\/app\/wp-json\/wp\/v2\/posts"}],"about":[{"href":"https:\/\/www.newsrecorder.ro\/app\/wp-json\/wp\/v2\/types\/post"}],"author":[{"embeddable":true,"href":"https:\/\/www.newsrecorder.ro\/app\/wp-json\/wp\/v2\/users\/2"}],"replies":[{"embeddable":true,"href":"https:\/\/www.newsrecorder.ro\/app\/wp-json\/wp\/v2\/comments?post=9800"}],"version-history":[{"count":0,"href":"https:\/\/www.newsrecorder.ro\/app\/wp-json\/wp\/v2\/posts\/9800\/revisions"}],"wp:featuredmedia":[{"embeddable":true,"href":"https:\/\/www.newsrecorder.ro\/app\/wp-json\/wp\/v2\/media\/9801"}],"wp:attachment":[{"href":"https:\/\/www.newsrecorder.ro\/app\/wp-json\/wp\/v2\/media?parent=9800"}],"wp:term":[{"taxonomy":"category","embeddable":true,"href":"https:\/\/www.newsrecorder.ro\/app\/wp-json\/wp\/v2\/categories?post=9800"},{"taxonomy":"post_tag","embeddable":true,"href":"https:\/\/www.newsrecorder.ro\/app\/wp-json\/wp\/v2\/tags?post=9800"}],"curies":[{"name":"wp","href":"https:\/\/api.w.org\/{rel}","templated":true}]}}