{"id":9818,"date":"2026-03-21T01:11:04","date_gmt":"2026-03-21T01:11:04","guid":{"rendered":"https:\/\/www.newsrecorder.ro\/app\/2026\/03\/21\/microsoft-anunta-schimbari-radicale-in-windows-11-raspunzand-utilizatorilor\/"},"modified":"2026-03-21T01:11:04","modified_gmt":"2026-03-21T01:11:04","slug":"microsoft-anunta-schimbari-radicale-in-windows-11-raspunzand-utilizatorilor","status":"publish","type":"post","link":"https:\/\/www.newsrecorder.ro\/app\/2026\/03\/21\/microsoft-anunta-schimbari-radicale-in-windows-11-raspunzand-utilizatorilor\/","title":{"rendered":"Microsoft anun\u021b\u0103 schimb\u0103ri radicale \u00een Windows 11, r\u0103spunz\u00e2nd utilizatorilor!"},"content":{"rendered":"<p>\u00centr-un mesaj recent publicat pe blogul oficial al companiei, Pavan Davuluri, \u0219eful diviziei Windows, a abordat nemul\u021bumirile exprimate de utilizatori cu privire la performan\u021ba sistemului, actualiz\u0103rile frecvente \u0219i integrarea intens\u0103 a func\u021biilor de inteligen\u021b\u0103 artificial\u0103. Microsoft a promis \u00eembun\u0103t\u0103\u021biri semnificative \u00een \u201elunile urm\u0103toare\u201d.<\/p>\n<p><strong>Mai mult control \u0219i personalizare<\/strong><\/p>\n<p>Printre modific\u0103rile cheie anun\u021bate se num\u0103r\u0103:<\/p>\n<ul>\n<li><strong>Personalizare extins\u0103 a taskbar-ului:<\/strong> Utilizatorii vor avea op\u021biunea de a muta taskbar-ul \u00een partea superioar\u0103 sau lateral\u0103 a ecranului, o func\u021bie solicitat\u0103 \u00eenc\u0103 de la lansarea Windows 11.<\/li>\n<li><strong>Control sporit asupra actualiz\u0103rilor:<\/strong> Vor exista mai pu\u021bine restarturi automate \u0219i op\u021biuni mai clare pentru am\u00e2narea actualiz\u0103rilor.<\/li>\n<li><strong>Reducerea notific\u0103rilor intruzive:<\/strong> Utilizatorii vor experimenta o diminuare a interven\u021biilor care pot distrage aten\u021bia.<\/li>\n<\/ul>\n<p>Aceste schimb\u0103ri vor fi testate ini\u021bial prin intermediul programului Windows Insider, \u00eens\u0103 nu exist\u0103 un calendar precis pentru lansarea lor la scar\u0103 larg\u0103.<\/p>\n<p><strong>Microsoft face un pas \u00eenapoi \u00een privin\u021ba inteligen\u021bei artificiale<\/strong><\/p>\n<p>Compania a anun\u021bat \u0219i o ajustare a direc\u021biei \u00een ceea ce prive\u0219te integrarea func\u021biilor bazate pe inteligen\u021ba artificial\u0103, \u00een special cele legate de Copilot. Dup\u0103 feedback-ul negativ referitor la \u201esupra\u00eenc\u0103rcarea\u201d sistemului cu op\u021biuni AI, Microsoft se angajeaz\u0103 s\u0103 reduc\u0103 utilizarea acestora \u00een aplica\u021bii precum Notepad, Photos \u0219i Widgets, integr\u00e2ndu-le doar acolo unde sunt \u201ecu adev\u0103rat utile\u201d.<\/p>\n<p>Aceast\u0103 declara\u021bie vine dup\u0103 comentariile CEO-ului Satya Nadella cu privire la rolul inteligen\u021bei artificiale \u00een ecosistemul Microsoft.<\/p>\n<p><strong>Promisiuni privind performan\u021ba \u0219i stabilitatea<\/strong><\/p>\n<p>Microsoft a subliniat angajamentul s\u0103u de a \u00eembun\u0103t\u0103\u021bi:<\/p>\n<ul>\n<li>Viteza File Explorer \u0219i a func\u021biilor de c\u0103utare;<\/li>\n<li>Consumul de memorie al sistemului;<\/li>\n<li>Stabilitatea general\u0103 \u0219i reducerea erorilor;<\/li>\n<\/ul>\n<p>Compania va acorda, de asemenea, o aten\u021bie sporit\u0103 calit\u0103\u021bii driverelor \u0219i compatibilit\u0103\u021bii hardware, precum \u0219i o reformare a procesului de testare. Aceste modific\u0103ri vor \u00eencepe s\u0103 fie implementate \u00een versiunile de test \u00eencep\u00e2nd din aceast\u0103 lun\u0103 \u0219i vor continua pe parcursul anului.<\/p>\n","protected":false},"excerpt":{"rendered":"<p>\u00centr-un mesaj recent publicat pe blogul oficial al companiei, Pavan Davuluri, \u0219eful diviziei Windows, a abordat nemul\u021bumirile exprimate de utilizatori cu privire la performan\u021ba sistemului, actualiz\u0103rile frecvente \u0219i integrarea intens\u0103 a func\u021biilor de inteligen\u021b\u0103 artificial\u0103. Microsoft a promis \u00eembun\u0103t\u0103\u021biri semnificative \u00een \u201elunile urm\u0103toare\u201d. Mai mult control \u0219i personalizare Printre modific\u0103rile cheie anun\u021bate se num\u0103r\u0103: Personalizare [&hellip;]<\/p>\n","protected":false},"author":2,"featured_media":9819,"comment_status":"open","ping_status":"open","sticky":false,"template":"","format":"standard","meta":{"jnews-multi-image_gallery":[],"jnews_single_post":[],"jnews_primary_category":[],"jnews_override_counter":[],"footnotes":""},"categories":[39],"tags":[8004,12658,394,12654,9600,12656,12657,12655],"class_list":["post-9818","post","type-post","status-publish","format-standard","has-post-thumbnail","hentry","category-stirile-zilei","tag-actualizari","tag-control-utilizatori","tag-inteligenta-artificiala","tag-microsoft","tag-notificari","tag-personalizare","tag-taskbar","tag-windows-11"],"_links":{"self":[{"href":"https:\/\/www.newsrecorder.ro\/app\/wp-json\/wp\/v2\/posts\/9818","targetHints":{"allow":["GET"]}}],"collection":[{"href":"https:\/\/www.newsrecorder.ro\/app\/wp-json\/wp\/v2\/posts"}],"about":[{"href":"https:\/\/www.newsrecorder.ro\/app\/wp-json\/wp\/v2\/types\/post"}],"author":[{"embeddable":true,"href":"https:\/\/www.newsrecorder.ro\/app\/wp-json\/wp\/v2\/users\/2"}],"replies":[{"embeddable":true,"href":"https:\/\/www.newsrecorder.ro\/app\/wp-json\/wp\/v2\/comments?post=9818"}],"version-history":[{"count":0,"href":"https:\/\/www.newsrecorder.ro\/app\/wp-json\/wp\/v2\/posts\/9818\/revisions"}],"wp:featuredmedia":[{"embeddable":true,"href":"https:\/\/www.newsrecorder.ro\/app\/wp-json\/wp\/v2\/media\/9819"}],"wp:attachment":[{"href":"https:\/\/www.newsrecorder.ro\/app\/wp-json\/wp\/v2\/media?parent=9818"}],"wp:term":[{"taxonomy":"category","embeddable":true,"href":"https:\/\/www.newsrecorder.ro\/app\/wp-json\/wp\/v2\/categories?post=9818"},{"taxonomy":"post_tag","embeddable":true,"href":"https:\/\/www.newsrecorder.ro\/app\/wp-json\/wp\/v2\/tags?post=9818"}],"curies":[{"name":"wp","href":"https:\/\/api.w.org\/{rel}","templated":true}]}}