{"id":9826,"date":"2026-03-21T11:40:40","date_gmt":"2026-03-21T11:40:40","guid":{"rendered":"https:\/\/www.newsrecorder.ro\/app\/2026\/03\/21\/simon-ehammer-stabileste-un-nou-record-mondial-la-60-m-garduri-in-heptatlon\/"},"modified":"2026-03-21T11:40:40","modified_gmt":"2026-03-21T11:40:40","slug":"simon-ehammer-stabileste-un-nou-record-mondial-la-60-m-garduri-in-heptatlon","status":"publish","type":"post","link":"https:\/\/www.newsrecorder.ro\/app\/2026\/03\/21\/simon-ehammer-stabileste-un-nou-record-mondial-la-60-m-garduri-in-heptatlon\/","title":{"rendered":"Simon Ehammer stabile\u0219te un nou record mondial la 60 m garduri \u00een heptatlon!"},"content":{"rendered":"<p>Simon Ehammer, atlet elve\u021bian, a str\u0103lucit \u00een proba de 60 m garduri din cadrul heptatlonului, desf\u0103\u0219urat\u0103 la competi\u021bia din Torun, Polonia. Cu un timp impresionant de 7,52 secunde, Ehammer a reu\u0219it s\u0103 dep\u0103\u0219easc\u0103 cu 0,08 secunde precedentul record, stabilit de celebrul atlet american Ashton Eaton cu 15 ani \u00een urm\u0103.<\/p>\n<p>Performan\u021ba sa nu doar c\u0103 a stabilit un nou record, dar i-a adus \u0219i 1106 puncte, contribuind la un total de 4804 puncte \u00een clasamentul general al competi\u021biei. Aceast\u0103 realizare l-a propulsat pe Ehammer pe prima pozi\u021bie, av\u00e2nd un avans de peste 200 de puncte fa\u021b\u0103 de urm\u0103torul concurent, americanul Kyle Garland, care a acumulat 4590 de puncte.<\/p>\n<p>\u00cen cadrul acelea\u0219i probe de 60 metri garduri, Heath Baldwin din SUA a terminat pe locul secund, cu un timp de 7,80 secunde, care i-a adus 1033 puncte, \u00een timp ce fratele s\u0103u de competi\u021bie, Makenson Gletty din Fran\u021ba, a completat podiumul, termin\u00e2nd cu 7,86 secunde \u0219i 1017 puncte.<\/p>\n<p>Pe l\u00e2ng\u0103 proba de garduri, prima sesiune a zilei de la Campionatul Mondial de Atletism \u00een sal\u0103 a inclus \u0219i competi\u021bia de s\u0103ritura cu pr\u0103jina din cadrul heptatlonului, aduc\u00e2nd astfel \u0219i mai mult\u0103 intensitate \u0219i a\u0219tept\u0103ri pentru spectatori.<\/p>\n","protected":false},"excerpt":{"rendered":"<p>Simon Ehammer, atlet elve\u021bian, a str\u0103lucit \u00een proba de 60 m garduri din cadrul heptatlonului, desf\u0103\u0219urat\u0103 la competi\u021bia din Torun, Polonia. Cu un timp impresionant de 7,52 secunde, Ehammer a reu\u0219it s\u0103 dep\u0103\u0219easc\u0103 cu 0,08 secunde precedentul record, stabilit de celebrul atlet american Ashton Eaton cu 15 ani \u00een urm\u0103. Performan\u021ba sa nu doar c\u0103 [&hellip;]<\/p>\n","protected":false},"author":6,"featured_media":9827,"comment_status":"open","ping_status":"open","sticky":false,"template":"","format":"standard","meta":{"jnews-multi-image_gallery":[],"jnews_single_post":[],"jnews_primary_category":[],"jnews_override_counter":[],"footnotes":""},"categories":[46],"tags":[12669,12670,50,12668,1032,1105,12667,2034],"class_list":["post-9826","post","type-post","status-publish","format-standard","has-post-thumbnail","hentry","category-sport","tag-60-m-garduri","tag-atletism","tag-clasament","tag-heptatlon","tag-polonia","tag-record","tag-simon-ehammer","tag-torun"],"_links":{"self":[{"href":"https:\/\/www.newsrecorder.ro\/app\/wp-json\/wp\/v2\/posts\/9826","targetHints":{"allow":["GET"]}}],"collection":[{"href":"https:\/\/www.newsrecorder.ro\/app\/wp-json\/wp\/v2\/posts"}],"about":[{"href":"https:\/\/www.newsrecorder.ro\/app\/wp-json\/wp\/v2\/types\/post"}],"author":[{"embeddable":true,"href":"https:\/\/www.newsrecorder.ro\/app\/wp-json\/wp\/v2\/users\/6"}],"replies":[{"embeddable":true,"href":"https:\/\/www.newsrecorder.ro\/app\/wp-json\/wp\/v2\/comments?post=9826"}],"version-history":[{"count":0,"href":"https:\/\/www.newsrecorder.ro\/app\/wp-json\/wp\/v2\/posts\/9826\/revisions"}],"wp:featuredmedia":[{"embeddable":true,"href":"https:\/\/www.newsrecorder.ro\/app\/wp-json\/wp\/v2\/media\/9827"}],"wp:attachment":[{"href":"https:\/\/www.newsrecorder.ro\/app\/wp-json\/wp\/v2\/media?parent=9826"}],"wp:term":[{"taxonomy":"category","embeddable":true,"href":"https:\/\/www.newsrecorder.ro\/app\/wp-json\/wp\/v2\/categories?post=9826"},{"taxonomy":"post_tag","embeddable":true,"href":"https:\/\/www.newsrecorder.ro\/app\/wp-json\/wp\/v2\/tags?post=9826"}],"curies":[{"name":"wp","href":"https:\/\/api.w.org\/{rel}","templated":true}]}}