{"id":9846,"date":"2026-03-21T11:43:38","date_gmt":"2026-03-21T11:43:38","guid":{"rendered":"https:\/\/www.newsrecorder.ro\/app\/2026\/03\/21\/o-tara-europeana-interzice-anonimatul-pe-trotinete-amenzi-de-pana-la-400e\/"},"modified":"2026-03-21T11:43:38","modified_gmt":"2026-03-21T11:43:38","slug":"o-tara-europeana-interzice-anonimatul-pe-trotinete-amenzi-de-pana-la-400e","status":"publish","type":"post","link":"https:\/\/www.newsrecorder.ro\/app\/2026\/03\/21\/o-tara-europeana-interzice-anonimatul-pe-trotinete-amenzi-de-pana-la-400e\/","title":{"rendered":"O \u021bar\u0103 european\u0103 interzice anonimatul pe trotinete: amenzi de p\u00e2n\u0103 la 400\u20ac!"},"content":{"rendered":"<p class=\"font-claude-response-body break-words whitespace-normal leading-[1.7]\">Italia a adoptat o nou\u0103 m\u0103sur\u0103 important\u0103 pentru utilizatorii de <a href=\"https:\/\/www.mediafax.ro\/life-inedit\/avertisment-oms-trotinetele-electrice-sunt-comode-dar-periculoase-pentru-sanatate-23668710\">trotinete electrice<\/a>, introduc\u00e2nd pl\u0103cu\u021ba de \u00eenmatriculare obligatorie. Aceast\u0103 decizie a fost formalizat\u0103 printr-un decret emis de Direc\u021bia General\u0103 pentru Motorizare, publicat pe 18 martie. Aceast\u0103 ini\u021biativ\u0103 face parte dintr-o reform\u0103 extins\u0103 a Codului Rutier italian.<\/p>\n<p class=\"font-claude-response-body break-words whitespace-normal leading-[1.7]\">Un aspect notabil al noii reglement\u0103ri este c\u0103 pl\u0103cu\u021ba nu este legat\u0103 de vehicul, ci de proprietar. Fiecare pl\u0103cu\u021b\u0103 va avea un cod alfanumeric care se va asocia cu codul fiscal al de\u021bin\u0103torului.<\/p>\n<h2>Trotinete electrice \u00een Italia: cum func\u021bioneaz\u0103 noua pl\u0103cu\u021b\u0103<\/h2>\n<p class=\"font-claude-response-body break-words whitespace-normal leading-[1.7]\">Pl\u0103cu\u021ba va avea o form\u0103 dreptunghiular\u0103, va fi plastifiat\u0103 \u0219i nedemontabil\u0103. Aceasta va con\u021bine \u0219ase caractere alfanumerice dispuse pe dou\u0103 r\u00e2nduri \u0219i va trebui s\u0103 fie amplasat\u0103 pe aripa spate sau pe coloana de direc\u021bie a trotinetei.<\/p>\n<p class=\"font-claude-response-body break-words whitespace-normal leading-[1.7]\">Procesul de ob\u021binere a pl\u0103cu\u021bei este simplu \u0219i economic. Cererea poate fi depus\u0103 online, utiliz\u00e2nd platforma Gestione pratiche online, accesibil\u0103 cu un SPID de nivel doi sau cu o carte de identitate electronic\u0103. Costul asociat este de 8,66 euro, plus taxa de timbru.<\/p>\n<p class=\"font-claude-response-body break-words whitespace-normal leading-[1.7]\">Ultima etap\u0103 a procesului const\u0103 \u00een programarea unei \u00eent\u00e2lniri la ghi\u0219eu pentru ridicarea fizic\u0103 a pl\u0103cu\u021bei.<\/p>\n<h2>Ce alte reguli se aplic\u0103 trotinetelor electrice \u00een Italia<\/h2>\n<p class=\"font-claude-response-body break-words whitespace-normal leading-[1.7]\">Reforma Codului Rutier italian, care va intra \u00een vigoare \u00een decembrie 2024, impune o serie de noi reguli pentru utilizatorii de trotinete electrice. De acum \u00eenainte, purtarea c\u0103\u0219tii devine obligatorie pentru to\u021bi utilizatorii. Viteza maxim\u0103 permis\u0103 va fi limitat\u0103 la 20 de kilometri pe or\u0103, iar \u00een zonele pietonale, aceasta va fi redus\u0103 la doar 6 kilometri pe or\u0103.<\/p>\n<p class=\"font-claude-response-body break-words whitespace-normal leading-[1.7]\">De asemenea, circula\u021bia \u00een afara centrelor urbane va fi interzis\u0103, la fel \u0219i mersul pe contrasens. O alt\u0103 noutate este c\u0103, odat\u0103 cu introducerea pl\u0103cu\u021bei, devine obligatorie \u0219i asigurarea de r\u0103spundere civil\u0103.<\/p>\n<h2>Amenzi \u0219i sanc\u021biuni<\/h2>\n<p class=\"font-claude-response-body break-words whitespace-normal leading-[1.7]\">Utilizatorii care vor circula f\u0103r\u0103 pl\u0103cu\u021b\u0103 dup\u0103 data de 16 mai se vor confrunta cu amenzi cuprinse \u00eentre 100 \u0219i 400 de euro. \u00cen caz de furt, pierdere sau deteriorare a pl\u0103cu\u021bei, proprietarul va avea la dispozi\u021bie 48 de ore pentru a depune o pl\u00e2ngere.<\/p>\n<p class=\"font-claude-response-body break-words whitespace-normal leading-[1.7]\">Este important de men\u021bionat c\u0103, la v\u00e2nzarea vehiculului, pl\u0103cu\u021ba nu se transfer\u0103 noului proprietar. De asemenea, minorii care au \u00eemplinit 14 ani pot solicita o pl\u0103cu\u021b\u0103, \u00eens\u0103 cererea trebuie s\u0103 fie efectuat\u0103 de p\u0103rin\u021bi sau tutori legali.<\/p>\n","protected":false},"excerpt":{"rendered":"<p>Italia a adoptat o nou\u0103 m\u0103sur\u0103 important\u0103 pentru utilizatorii de trotinete electrice, introduc\u00e2nd pl\u0103cu\u021ba de \u00eenmatriculare obligatorie. Aceast\u0103 decizie a fost formalizat\u0103 printr-un decret emis de Direc\u021bia General\u0103 pentru Motorizare, publicat pe 18 martie. Aceast\u0103 ini\u021biativ\u0103 face parte dintr-o reform\u0103 extins\u0103 a Codului Rutier italian. Un aspect notabil al noii reglement\u0103ri este c\u0103 pl\u0103cu\u021ba nu [&hellip;]<\/p>\n","protected":false},"author":2,"featured_media":9847,"comment_status":"open","ping_status":"open","sticky":false,"template":"","format":"standard","meta":{"jnews-multi-image_gallery":[],"jnews_single_post":[],"jnews_primary_category":[],"jnews_override_counter":[],"footnotes":""},"categories":[41],"tags":[12699,12696,12698,702,12695,12697,2039,12694],"class_list":["post-9846","post","type-post","status-publish","format-standard","has-post-thumbnail","hentry","category-externe","tag-cod-alfanumeric","tag-cod-rutier","tag-directia-generala-pentru-motorizare","tag-italia","tag-placuta-de-inmatriculare","tag-proprietar","tag-reforma","tag-trotinete-electrice"],"_links":{"self":[{"href":"https:\/\/www.newsrecorder.ro\/app\/wp-json\/wp\/v2\/posts\/9846","targetHints":{"allow":["GET"]}}],"collection":[{"href":"https:\/\/www.newsrecorder.ro\/app\/wp-json\/wp\/v2\/posts"}],"about":[{"href":"https:\/\/www.newsrecorder.ro\/app\/wp-json\/wp\/v2\/types\/post"}],"author":[{"embeddable":true,"href":"https:\/\/www.newsrecorder.ro\/app\/wp-json\/wp\/v2\/users\/2"}],"replies":[{"embeddable":true,"href":"https:\/\/www.newsrecorder.ro\/app\/wp-json\/wp\/v2\/comments?post=9846"}],"version-history":[{"count":0,"href":"https:\/\/www.newsrecorder.ro\/app\/wp-json\/wp\/v2\/posts\/9846\/revisions"}],"wp:featuredmedia":[{"embeddable":true,"href":"https:\/\/www.newsrecorder.ro\/app\/wp-json\/wp\/v2\/media\/9847"}],"wp:attachment":[{"href":"https:\/\/www.newsrecorder.ro\/app\/wp-json\/wp\/v2\/media?parent=9846"}],"wp:term":[{"taxonomy":"category","embeddable":true,"href":"https:\/\/www.newsrecorder.ro\/app\/wp-json\/wp\/v2\/categories?post=9846"},{"taxonomy":"post_tag","embeddable":true,"href":"https:\/\/www.newsrecorder.ro\/app\/wp-json\/wp\/v2\/tags?post=9846"}],"curies":[{"name":"wp","href":"https:\/\/api.w.org\/{rel}","templated":true}]}}