{"id":9888,"date":"2026-03-21T17:56:53","date_gmt":"2026-03-21T17:56:53","guid":{"rendered":"https:\/\/www.newsrecorder.ro\/app\/2026\/03\/21\/milei-sprijina-pe-orban-la-budapesta-trump-anunta-sustinere-totala\/"},"modified":"2026-03-21T17:56:53","modified_gmt":"2026-03-21T17:56:53","slug":"milei-sprijina-pe-orban-la-budapesta-trump-anunta-sustinere-totala","status":"publish","type":"post","link":"https:\/\/www.newsrecorder.ro\/app\/2026\/03\/21\/milei-sprijina-pe-orban-la-budapesta-trump-anunta-sustinere-totala\/","title":{"rendered":"Milei sprijin\u0103 pe Orban la Budapesta, Trump anun\u021b\u0103 sus\u021binere total\u0103!"},"content":{"rendered":"<p><a href=\"https:\/\/www.dataclave.com.ar\/poder\/que-hara-milei-en-budapest--reunion-con-orban--discurso-en-la-cpac-y-homenaje-universitario_a69be1d8e2e65bf0bc8c71695\">Javier Milei a sosit \u00een Budapesta<\/a> pentru a-l sus\u021bine pe <a href=\"https:\/\/www.mediafax.ro\/stirile-zilei\/orban-a-parasit-masa-negocierilor-de-la-bruxelles-cand-zelenski-a-aparut-pe-ecran-23706570\">Viktor Orb\u00e1n<\/a>, cu ocazia alegerilor parlamentare programate pentru 12 aprilie.<\/p>\n<p>Pre\u0219edintele Javier Milei ia parte la Conferin\u021ba de Ac\u021biune Politic\u0103 Conservatoare (CPAC), un forum interna\u021bional dedicat liderilor \u0219i personalit\u0103\u021bilor din spectrul politic de dreapta.<\/p>\n<p>Milei a avut deja discu\u021bii cu pre\u0219edintele Ungariei, Tam\u00e1s Sulyok, la Palatul S\u00e1ndor, \u0219i a fost primit de prim-ministrul Viktor Orb\u00e1n la sediul guvernului.<\/p>\n<p>\u00cen cadrul agendei CPAC, liderul libertarian va interac\u021biona cu oficialit\u0103\u021bi locale \u0219i personalit\u0103\u021bi ale mi\u0219c\u0103rii conservatoare interna\u021bionale. Aceast\u0103 \u00eent\u00e2lnire se al\u0103tur\u0103 unei serii de evenimente menite s\u0103 reuneasc\u0103 lideri, intelectuali \u0219i figuri politice care promoveaz\u0103 liberalismul economic \u0219i conservatorismul.<\/p>\n<p>\u00cen dup\u0103-amiaza conferin\u021bei, Milei va pronun\u021ba discursul de \u00eenchidere, \u00eent\u00e2lnindu-se cu <strong>Mikl\u00f3s Szanth\u00f3<\/strong>, directorul filialei ungare a CPAC, la un eveniment cu participarea unor influente personalit\u0103\u021bi ale dreptei globale.<\/p>\n<p>De asemenea, Milei va fi distins cu titlul onorific \u201eCivis Universitatis Honoris Causa\u201d de c\u0103tre <strong>Universitatea Ludovika<\/strong>, \u00een cadrul unei ceremonii conduse de rectorul acesteia, <strong>Gergely Deli<\/strong>, unde va sus\u021bine un discurs dedicat tinerilor \u0219i viitorului.<\/p>\n<p class=\"lead\">\u00centr-un mesaj video adresat participan\u021bilor la CPAC Ungaria, pre\u0219edintele Statelor Unite, Donald Trump, a transmis un mesaj de sus\u021binere pentru Viktor Orb\u00e1n. Trump a subliniat realiz\u0103rile prim-ministrului maghiar, \u00een special \u00een ceea ce prive\u0219te securitatea frontierelor, \u00een contextul provoc\u0103rilor cu care se confrunt\u0103 alte na\u021biuni.<\/p>\n<p><a href=\"https:\/\/magyarnemzet.hu\/trump-2025\">Donald Trump<\/a> a felicitat organizatorii CPAC, \u00een special pe Mikl\u00f3s Sz\u00e1nth\u00f3, cu ocazia acestui eveniment istoric \u00een Budapesta. \u201eAceasta este o \u021bar\u0103 minunat\u0103, iar lui Viktor Orb\u00e1n \u00eei urez tot binele\u201d, a declarat Trump.<\/p>\n<p>Trump a reiterat sprijinul s\u0103u pentru realegerea lui Orb\u00e1n, numindu-l un lider puternic care a demonstrat ce poate face un om pentru a-\u0219i ap\u0103ra grani\u021bele, cultura, patrimoniul \u0219i valorile. El a ad\u0103ugat: \u201eA f\u0103cut o treab\u0103 excelent\u0103 pentru \u021bara sa, protej\u00e2nd frontierele \u00een fa\u021ba criminalit\u0103\u021bii care afecteaz\u0103 alte na\u021biuni. Sper s\u0103 c\u00e2\u0219tige cu o diferen\u021b\u0103 considerabil\u0103.\u201d<\/p>\n<p>\u201eAvem cu to\u021bii \u00een comun dorin\u021ba de a c\u00e2\u0219tiga, dar \u00eentr-un mod corect \u0219i transparent, cu un avantaj decisiv. V\u0103 mul\u021bumesc tuturor participan\u021bilor de la CPAC Ungaria pentru angajamentul lor fa\u021b\u0103 de bunul sim\u021b \u0219i principiile conservatoare, contribuind la o civiliza\u021bie comun\u0103 pe care o \u00eemp\u0103rt\u0103\u0219im cu americanii, maghiarii \u0219i europenii\u201d, a ad\u0103ugat Trump.<\/p>\n<p>Pre\u0219edintele american a men\u021bionat, de asemenea, importan\u021ba colabor\u0103rii \u00een domeniul energiei \u0219i a subliniat necesitatea ca Europa s\u0103 avanseze spre solu\u021bii pentru problemele sale. \u201eVom fi al\u0103turi de ei, dar trebuie s\u0103 rec\u00e2\u0219tige pozi\u021biile pierdute\u201d, a concluzionat Trump, dorindu-le participan\u021bilor o conferin\u021b\u0103 reu\u0219it\u0103.<\/p>\n<p>Viktor Orb\u00e1n a distribuit mesajul lui Trump pe re\u021belele sociale, ad\u0103ug\u00e2nd: \u201eV\u0103 mul\u021bumesc pentru sprijin, domnule pre\u0219edinte Trump!\u201d<\/p>\n","protected":false},"excerpt":{"rendered":"<p>Javier Milei a sosit \u00een Budapesta pentru a-l sus\u021bine pe Viktor Orb\u00e1n, cu ocazia alegerilor parlamentare programate pentru 12 aprilie. Pre\u0219edintele Javier Milei ia parte la Conferin\u021ba de Ac\u021biune Politic\u0103 Conservatoare (CPAC), un forum interna\u021bional dedicat liderilor \u0219i personalit\u0103\u021bilor din spectrul politic de dreapta. Milei a avut deja discu\u021bii cu pre\u0219edintele Ungariei, Tam\u00e1s Sulyok, la [&hellip;]<\/p>\n","protected":false},"author":2,"featured_media":9889,"comment_status":"open","ping_status":"open","sticky":false,"template":"","format":"standard","meta":{"jnews-multi-image_gallery":[],"jnews_single_post":[],"jnews_primary_category":[],"jnews_override_counter":[],"footnotes":""},"categories":[42],"tags":[3160,158,12761,12760,6457,12762,12763,2103],"class_list":["post-9888","post","type-post","status-publish","format-standard","has-post-thumbnail","hentry","category-politica","tag-alegeri-parlamentare","tag-budapesta","tag-conservatorism","tag-cpac","tag-javier-milei","tag-liberalism-economic","tag-miscare-conservatoare","tag-viktor-orban"],"_links":{"self":[{"href":"https:\/\/www.newsrecorder.ro\/app\/wp-json\/wp\/v2\/posts\/9888","targetHints":{"allow":["GET"]}}],"collection":[{"href":"https:\/\/www.newsrecorder.ro\/app\/wp-json\/wp\/v2\/posts"}],"about":[{"href":"https:\/\/www.newsrecorder.ro\/app\/wp-json\/wp\/v2\/types\/post"}],"author":[{"embeddable":true,"href":"https:\/\/www.newsrecorder.ro\/app\/wp-json\/wp\/v2\/users\/2"}],"replies":[{"embeddable":true,"href":"https:\/\/www.newsrecorder.ro\/app\/wp-json\/wp\/v2\/comments?post=9888"}],"version-history":[{"count":0,"href":"https:\/\/www.newsrecorder.ro\/app\/wp-json\/wp\/v2\/posts\/9888\/revisions"}],"wp:featuredmedia":[{"embeddable":true,"href":"https:\/\/www.newsrecorder.ro\/app\/wp-json\/wp\/v2\/media\/9889"}],"wp:attachment":[{"href":"https:\/\/www.newsrecorder.ro\/app\/wp-json\/wp\/v2\/media?parent=9888"}],"wp:term":[{"taxonomy":"category","embeddable":true,"href":"https:\/\/www.newsrecorder.ro\/app\/wp-json\/wp\/v2\/categories?post=9888"},{"taxonomy":"post_tag","embeddable":true,"href":"https:\/\/www.newsrecorder.ro\/app\/wp-json\/wp\/v2\/tags?post=9888"}],"curies":[{"name":"wp","href":"https:\/\/api.w.org\/{rel}","templated":true}]}}