{"id":9910,"date":"2026-03-21T19:25:05","date_gmt":"2026-03-21T19:25:05","guid":{"rendered":"https:\/\/www.newsrecorder.ro\/app\/2026\/03\/21\/atentie-vanturi-puternice-in-sud-vest-si-zone-montane-in-zilele-urmatoare\/"},"modified":"2026-03-21T19:25:05","modified_gmt":"2026-03-21T19:25:05","slug":"atentie-vanturi-puternice-in-sud-vest-si-zone-montane-in-zilele-urmatoare","status":"publish","type":"post","link":"https:\/\/www.newsrecorder.ro\/app\/2026\/03\/21\/atentie-vanturi-puternice-in-sud-vest-si-zone-montane-in-zilele-urmatoare\/","title":{"rendered":"Aten\u021bie! V\u00e2nturi puternice \u00een sud-vest \u0219i zone montane \u00een zilele urm\u0103toare"},"content":{"rendered":"<p>Administra\u021bia Na\u021bional\u0103 de Meteorologie (ANM) a emis duminic\u0103 o informare meteorologic\u0103 ce vizeaz\u0103 \u00eent\u0103rirea v\u00e2ntului \u00een diverse regiuni ale \u021b\u0103rii, valabil\u0103 \u00een perioada <strong>8 martie<\/strong>, ora 20:00, p\u00e2n\u0103 pe <strong>10 martie<\/strong>, ora 22:00.<\/p>\n<p>Conform prognozelor meteorologice, v\u00e2ntul va avea intensific\u0103ri temporare \u00een sud-vestul Rom\u00e2niei \u0219i \u00een zona Carpa\u021bilor Meridionali. \u00cen data de mar\u021bi, 10 martie, aceste intensific\u0103ri vor fi resim\u021bite \u0219i \u00een regiunea Moldovei. Viteza v\u00e2ntului va atinge, \u00een general, valori cuprinse \u00eentre 40 \u0219i 50 km\/h, iar \u00een zonele montane \u00eenalte, rafalele vor putea atinge chiar 60-80 km\/h.<\/p>\n<p>\u00cen plus, ANM a emis o aten\u021bionare de tip cod galben pentru jude\u021bul Cara\u0219-Severin, care este valabil\u0103 \u00eentre <strong>8 martie<\/strong>, ora 22:00, \u0219i <strong>10 martie<\/strong>, ora 22:00.<\/p>\n<p>Conform comunicatului ANM, \u201e\u00cen intervalul men\u021bionat, v\u00e2ntul va avea intensific\u0103ri locale \u00een jude\u021bul Cara\u0219-Severin, cu viteze de 50-65 km\/h \u0219i izolat de p\u00e2n\u0103 la 70 km\/h.\u201d<\/p>\n<p>Speciali\u0219tii meteorologi recomand\u0103 popula\u021biei s\u0103 manifeste pruden\u021b\u0103, \u00een special \u00een zonele montane \u0219i \u00een jude\u021bele afectate de aten\u021bionare. Este indicat s\u0103 se evite deplas\u0103rile \u00een condi\u021bii de v\u00e2nt puternic \u0219i s\u0103 se asigure corespunz\u0103tor bunurile \u0219i vehiculele aflate \u00een aer liber.<\/p>\n","protected":false},"excerpt":{"rendered":"<p>Administra\u021bia Na\u021bional\u0103 de Meteorologie (ANM) a emis duminic\u0103 o informare meteorologic\u0103 ce vizeaz\u0103 \u00eent\u0103rirea v\u00e2ntului \u00een diverse regiuni ale \u021b\u0103rii, valabil\u0103 \u00een perioada 8 martie, ora 20:00, p\u00e2n\u0103 pe 10 martie, ora 22:00. Conform prognozelor meteorologice, v\u00e2ntul va avea intensific\u0103ri temporare \u00een sud-vestul Rom\u00e2niei \u0219i \u00een zona Carpa\u021bilor Meridionali. \u00cen data de mar\u021bi, 10 martie, [&hellip;]<\/p>\n","protected":false},"author":5,"featured_media":9911,"comment_status":"open","ping_status":"open","sticky":false,"template":"","format":"standard","meta":{"jnews-multi-image_gallery":[],"jnews_single_post":[],"jnews_primary_category":[],"jnews_override_counter":[],"footnotes":""},"categories":[45],"tags":[10634,10107,196,1422,133,132,149,137],"class_list":["post-9910","post","type-post","status-publish","format-standard","has-post-thumbnail","hentry","category-meteo","tag-atentionare","tag-caras-severin","tag-cod-galben","tag-intensificari","tag-meteorologie","tag-prognoza","tag-romania","tag-vant"],"_links":{"self":[{"href":"https:\/\/www.newsrecorder.ro\/app\/wp-json\/wp\/v2\/posts\/9910","targetHints":{"allow":["GET"]}}],"collection":[{"href":"https:\/\/www.newsrecorder.ro\/app\/wp-json\/wp\/v2\/posts"}],"about":[{"href":"https:\/\/www.newsrecorder.ro\/app\/wp-json\/wp\/v2\/types\/post"}],"author":[{"embeddable":true,"href":"https:\/\/www.newsrecorder.ro\/app\/wp-json\/wp\/v2\/users\/5"}],"replies":[{"embeddable":true,"href":"https:\/\/www.newsrecorder.ro\/app\/wp-json\/wp\/v2\/comments?post=9910"}],"version-history":[{"count":0,"href":"https:\/\/www.newsrecorder.ro\/app\/wp-json\/wp\/v2\/posts\/9910\/revisions"}],"wp:featuredmedia":[{"embeddable":true,"href":"https:\/\/www.newsrecorder.ro\/app\/wp-json\/wp\/v2\/media\/9911"}],"wp:attachment":[{"href":"https:\/\/www.newsrecorder.ro\/app\/wp-json\/wp\/v2\/media?parent=9910"}],"wp:term":[{"taxonomy":"category","embeddable":true,"href":"https:\/\/www.newsrecorder.ro\/app\/wp-json\/wp\/v2\/categories?post=9910"},{"taxonomy":"post_tag","embeddable":true,"href":"https:\/\/www.newsrecorder.ro\/app\/wp-json\/wp\/v2\/tags?post=9910"}],"curies":[{"name":"wp","href":"https:\/\/api.w.org\/{rel}","templated":true}]}}