{"id":9932,"date":"2026-03-21T20:49:38","date_gmt":"2026-03-21T20:49:38","guid":{"rendered":"https:\/\/www.newsrecorder.ro\/app\/2026\/03\/21\/colosseumul-restaurat-controversele-proiectului-lui-stefano-boeri\/"},"modified":"2026-03-21T20:49:38","modified_gmt":"2026-03-21T20:49:38","slug":"colosseumul-restaurat-controversele-proiectului-lui-stefano-boeri","status":"publish","type":"post","link":"https:\/\/www.newsrecorder.ro\/app\/2026\/03\/21\/colosseumul-restaurat-controversele-proiectului-lui-stefano-boeri\/","title":{"rendered":"Colosseumul restaurat: controversele proiectului lui Stefano Boeri"},"content":{"rendered":"<p>Recenta amenajare a zonei sudice a Colosseumului aduce \u00een prim-plan vestigiile Antichit\u0103\u021bii, mai precis a\u0219a-numitele \u201eambulacri\u201d \u2013 coridoare acoperite care serveau spectatorilor pentru a se deplasa. Proiectul a avut ca scop readucerea nivelului solului la cota sa original\u0103 \u0219i \u00eenlocuirea vechilor \u201esampietrini\u201d cu travertin, materialul care a fost utilizat ini\u021bial. \u00cen plus, traseul coridoarelor disp\u0103rute a fost reconstruit simbolic, conform informa\u021biilor furnizate de <a href=\"https:\/\/www.ilpost.it\/2026\/03\/18\/colosseo-ambulacri-corridoi-progetto-boeri\/\" target=\"_blank\" rel=\"noopener\">Il Post<\/a>.<\/p>\n<p>Blocurile de travertin, care au fost extrase din zona Tivoli, au fost amplasate conform amprentele structurilor originale, descoperite \u00een urma s\u0103p\u0103turilor arheologice realizate \u00eenainte de demararea lucr\u0103rilor.<\/p>\n<h2>Investi\u021bie de milioane \u0219i cercetare arheologic\u0103<\/h2>\n<p>Lucr\u0103rile de amenajare au fost finan\u021bate cu aproximativ 2,2 milioane de euro, provenind din fonduri asociate proiectului de extindere a metroului din Roma, precum \u0219i din surse europene \u0219i na\u021bionale. Arheologii au realizat studii stratigrafice care au scos la iveal\u0103 pavajul original \u0219i urme ale unor structuri disp\u0103rute. Aceast\u0103 cercetare a implicat analiza a peste 2.000 de ani de istorie, comprimat\u0103 \u00eentr-un strat de un metru. Noua suprafa\u021b\u0103 acoper\u0103 aproximativ 1.300 de metri p\u0103tra\u021bi dintr-un total istoric de circa 3.000 de metri p\u0103tra\u021bi.<\/p>\n<p>Arhitectul Stefano Boeri a descris aceast\u0103 ini\u021biativ\u0103 ca pe o modalitate de a oferi vizitatorilor o percep\u021bie autentic\u0103 asupra dimensiunilor \u0219i formei originale ale Colosseumului. Zona a fost conceput\u0103 ca un spa\u021biu deschis, destinat vizitatorilor, incluz\u00e2nd locuri de odihn\u0103 integrate \u00een design \u0219i marcaje care sugereaz\u0103 structuri disp\u0103rute. De asemenea, au fost realizate numerot\u0103ri ref\u0103cute ale intr\u0103rilor, inspirate din cele antice.<\/p>\n<h2>Critici \u0219i controverse<\/h2>\n<p>Implementarea acestui proiect nu a fost primit\u0103 cu entuziasm de toat\u0103 lumea. Criticii sus\u021bin c\u0103 utilizarea travertinului alb modific\u0103 aspectul istoric al zonei, consider\u00e2nd c\u0103 interven\u021bia este prea modern\u0103 pentru un sit de o asemenea vechime. Unele voci au exprimat \u00eengrijorarea c\u0103 restaurarea nu aduce un plus real valorii istorice, caracteriz\u00e2nd proiectul drept \u201einutil\u201d, \u00een timp ce altele \u00eel v\u0103d ca o reinterpretare necesar\u0103 a trecutului.<\/p>\n<p>Arheologul Andrea Carandini a venit \u00een ap\u0103rarea acestui demers, subliniind importan\u021ba elementelor disp\u0103rute \u00een \u00een\u021belegerea monumentului. <a href=\"https:\/\/www.mediafax.ro\/stirile-zilei\/roma-deschide-statia-de-metrou-de-sub-colosseum-unde-transportul-modern-se-intalneste-cu-istoria-23659315\" target=\"_blank\" rel=\"noopener\">Noua amenajare a Colosseumului<\/a> reflect\u0103 o dezbatere mai ampl\u0103 \u00een domeniul patrimoniului, abord\u00e2nd \u00eentrebarea: c\u00e2t de mult trebuie restaurat \u0219i c\u00e2t de mult reinterpretat? Pentru unii, acest proiect aduce trecutul mai aproape de publicul contemporan, \u00een timp ce pentru al\u021bii, reprezint\u0103 o interven\u021bie prea \u00eendr\u0103znea\u021b\u0103 asupra unuia dintre cele mai emblematice monumente ale lumii.<\/p>\n","protected":false},"excerpt":{"rendered":"<p>Recenta amenajare a zonei sudice a Colosseumului aduce \u00een prim-plan vestigiile Antichit\u0103\u021bii, mai precis a\u0219a-numitele \u201eambulacri\u201d \u2013 coridoare acoperite care serveau spectatorilor pentru a se deplasa. Proiectul a avut ca scop readucerea nivelului solului la cota sa original\u0103 \u0219i \u00eenlocuirea vechilor \u201esampietrini\u201d cu travertin, materialul care a fost utilizat ini\u021bial. \u00cen plus, traseul coridoarelor disp\u0103rute [&hellip;]<\/p>\n","protected":false},"author":7,"featured_media":9933,"comment_status":"open","ping_status":"open","sticky":false,"template":"","format":"standard","meta":{"jnews-multi-image_gallery":[],"jnews_single_post":[],"jnews_primary_category":[],"jnews_override_counter":[],"footnotes":""},"categories":[43],"tags":[12326,12324,12787,12570,368,12788,12325,12786],"class_list":["post-9932","post","type-post","status-publish","format-standard","has-post-thumbnail","hentry","category-cultura","tag-ambulacri","tag-amenajare","tag-cercetare-arheologica","tag-colosseum","tag-investitie","tag-metrou-roma","tag-travertin","tag-vestigii"],"_links":{"self":[{"href":"https:\/\/www.newsrecorder.ro\/app\/wp-json\/wp\/v2\/posts\/9932","targetHints":{"allow":["GET"]}}],"collection":[{"href":"https:\/\/www.newsrecorder.ro\/app\/wp-json\/wp\/v2\/posts"}],"about":[{"href":"https:\/\/www.newsrecorder.ro\/app\/wp-json\/wp\/v2\/types\/post"}],"author":[{"embeddable":true,"href":"https:\/\/www.newsrecorder.ro\/app\/wp-json\/wp\/v2\/users\/7"}],"replies":[{"embeddable":true,"href":"https:\/\/www.newsrecorder.ro\/app\/wp-json\/wp\/v2\/comments?post=9932"}],"version-history":[{"count":0,"href":"https:\/\/www.newsrecorder.ro\/app\/wp-json\/wp\/v2\/posts\/9932\/revisions"}],"wp:featuredmedia":[{"embeddable":true,"href":"https:\/\/www.newsrecorder.ro\/app\/wp-json\/wp\/v2\/media\/9933"}],"wp:attachment":[{"href":"https:\/\/www.newsrecorder.ro\/app\/wp-json\/wp\/v2\/media?parent=9932"}],"wp:term":[{"taxonomy":"category","embeddable":true,"href":"https:\/\/www.newsrecorder.ro\/app\/wp-json\/wp\/v2\/categories?post=9932"},{"taxonomy":"post_tag","embeddable":true,"href":"https:\/\/www.newsrecorder.ro\/app\/wp-json\/wp\/v2\/tags?post=9932"}],"curies":[{"name":"wp","href":"https:\/\/api.w.org\/{rel}","templated":true}]}}