{"id":9978,"date":"2026-03-22T00:13:34","date_gmt":"2026-03-22T00:13:34","guid":{"rendered":"https:\/\/www.newsrecorder.ro\/app\/2026\/03\/22\/bce-pe-cale-sa-creasca-dobanzile-luna-viitoare-din-cauza-inflatiei\/"},"modified":"2026-03-22T00:13:34","modified_gmt":"2026-03-22T00:13:34","slug":"bce-pe-cale-sa-creasca-dobanzile-luna-viitoare-din-cauza-inflatiei","status":"publish","type":"post","link":"https:\/\/www.newsrecorder.ro\/app\/2026\/03\/22\/bce-pe-cale-sa-creasca-dobanzile-luna-viitoare-din-cauza-inflatiei\/","title":{"rendered":"BCE pe cale s\u0103 creasc\u0103 dob\u00e2nzile luna viitoare din cauza infla\u021biei!"},"content":{"rendered":"<p>Joachim Nagel, pre\u0219edintele Bundesbank, a declarat recent pentru <a href=\"https:\/\/www.bloomberg.com\/news\/articles\/2026-03-20\/ecb-would-need-april-hike-if-price-outlook-sours-nagel-says\" target=\"_blank\" rel=\"noopener\">Bloomberg<\/a> c\u0103 \u201e<strong>\u00een condi\u021biile actuale, perspectiva infla\u021biei pe termen mediu ar putea s\u0103 se deterioreze, iar a\u0219tept\u0103rile infla\u021bioniste ar putea cre\u0219te constant, ceea ce ar impune, probabil, o politic\u0103 monetar\u0103 mai restrictiv\u0103<\/strong>.\u201d<\/p>\n<p>Nagel a subliniat c\u0103 se a\u0219teapt\u0103 date mai precise \u00een acest sens p\u00e2n\u0103 la urm\u0103toarea \u0219edin\u021b\u0103 a Consiliului guvernatorilor B\u0103ncii Centrale Europene (BCE), programat\u0103 \u00een aproximativ \u0219ase s\u0103pt\u0103m\u00e2ni.<\/p>\n<p>\u00cen discursul s\u0103u, pre\u0219edintele Bundesbank a men\u021bionat impactul semnificativ al cre\u0219terii pre\u021burilor, generat de invazia Rusiei \u00een Ucraina din 2022. El a accentuat c\u0103 aceast\u0103 experien\u021b\u0103 \u201eva avea un rol crucial \u00een analiza situa\u021biei actuale\u201d, chiar dac\u0103 BCE se afl\u0103 acum \u00eentr-o \u201epozi\u021bie de plecare mai favorabil\u0103\u201d comparativ cu trecutul.<\/p>\n<p>Aceast\u0103 declara\u021bie vine pe fondul unor \u00eengrijor\u0103ri cresc\u00e2nde legate de major\u0103rile de pre\u021buri la energie, cauzate de conflictele din <a href=\"https:\/\/www.mediafax.ro\/externe\/a-inceput-operatiunea-militara-de-redeschidere-a-stramtorii-ormuz-avioanele-si-elicopterele-militare-americane-implicate-23706865\">Orientul Mijlociu<\/a>, care ar putea contribui la intensificarea infla\u021biei \u0219i la o \u00eencetinire a economiei. <\/p>\n","protected":false},"excerpt":{"rendered":"<p>Joachim Nagel, pre\u0219edintele Bundesbank, a declarat recent pentru Bloomberg c\u0103 \u201e\u00een condi\u021biile actuale, perspectiva infla\u021biei pe termen mediu ar putea s\u0103 se deterioreze, iar a\u0219tept\u0103rile infla\u021bioniste ar putea cre\u0219te constant, ceea ce ar impune, probabil, o politic\u0103 monetar\u0103 mai restrictiv\u0103.\u201d Nagel a subliniat c\u0103 se a\u0219teapt\u0103 date mai precise \u00een acest sens p\u00e2n\u0103 la urm\u0103toarea [&hellip;]<\/p>\n","protected":false},"author":4,"featured_media":9979,"comment_status":"open","ping_status":"open","sticky":false,"template":"","format":"standard","meta":{"jnews-multi-image_gallery":[],"jnews_single_post":[],"jnews_primary_category":[],"jnews_override_counter":[],"footnotes":""},"categories":[40],"tags":[695,12503,12167,191,778,10719,5962,682],"class_list":["post-9978","post","type-post","status-publish","format-standard","has-post-thumbnail","hentry","category-econonie","tag-banca-centrala-europeana","tag-bundesbank","tag-cresterea-preturilor","tag-energie","tag-inflatie","tag-joachim-nagel","tag-politica-monetara","tag-ucraina"],"_links":{"self":[{"href":"https:\/\/www.newsrecorder.ro\/app\/wp-json\/wp\/v2\/posts\/9978","targetHints":{"allow":["GET"]}}],"collection":[{"href":"https:\/\/www.newsrecorder.ro\/app\/wp-json\/wp\/v2\/posts"}],"about":[{"href":"https:\/\/www.newsrecorder.ro\/app\/wp-json\/wp\/v2\/types\/post"}],"author":[{"embeddable":true,"href":"https:\/\/www.newsrecorder.ro\/app\/wp-json\/wp\/v2\/users\/4"}],"replies":[{"embeddable":true,"href":"https:\/\/www.newsrecorder.ro\/app\/wp-json\/wp\/v2\/comments?post=9978"}],"version-history":[{"count":0,"href":"https:\/\/www.newsrecorder.ro\/app\/wp-json\/wp\/v2\/posts\/9978\/revisions"}],"wp:featuredmedia":[{"embeddable":true,"href":"https:\/\/www.newsrecorder.ro\/app\/wp-json\/wp\/v2\/media\/9979"}],"wp:attachment":[{"href":"https:\/\/www.newsrecorder.ro\/app\/wp-json\/wp\/v2\/media?parent=9978"}],"wp:term":[{"taxonomy":"category","embeddable":true,"href":"https:\/\/www.newsrecorder.ro\/app\/wp-json\/wp\/v2\/categories?post=9978"},{"taxonomy":"post_tag","embeddable":true,"href":"https:\/\/www.newsrecorder.ro\/app\/wp-json\/wp\/v2\/tags?post=9978"}],"curies":[{"name":"wp","href":"https:\/\/api.w.org\/{rel}","templated":true}]}}