{"id":9988,"date":"2026-03-22T02:11:08","date_gmt":"2026-03-22T02:11:08","guid":{"rendered":"https:\/\/www.newsrecorder.ro\/app\/2026\/03\/22\/ungaria-avertizeaza-ucraina-ar-putea-periclita-energia-europei\/"},"modified":"2026-03-22T02:11:08","modified_gmt":"2026-03-22T02:11:08","slug":"ungaria-avertizeaza-ucraina-ar-putea-periclita-energia-europei","status":"publish","type":"post","link":"https:\/\/www.newsrecorder.ro\/app\/2026\/03\/22\/ungaria-avertizeaza-ucraina-ar-putea-periclita-energia-europei\/","title":{"rendered":"Ungaria avertizeaz\u0103: Ucraina ar putea periclita energia Europei!"},"content":{"rendered":"<p style=\"text-align: left\">Gergely Guly\u00e1s, ministrul Cancelariei premierului ungar Viktor Orb\u00e1n, a exprimat recent \u00eengrijor\u0103ri serioase cu privire la posibilele riscuri pe care Ucraina le poate reprezenta pentru infrastructura energetic\u0103 a Europei. Declara\u021biile sale au fost f\u0103cute \u00een cadrul unui eveniment electoral transmis de postul H\u00edr TV.<\/p>\n<p style=\"text-align: left\">\u201eEste important s\u0103 nu ne facem iluzii: Ucraina poate constitui o amenin\u021bare pentru sursele de energie ale Europei \u0219i pentru aprovizionarea energetic\u0103, av\u00e2nd \u00een vedere c\u0103 poate ac\u021biona chiar \u0219i prin mijloace militare\u201d, a afirmat Guly\u00e1s.<\/p>\n<p style=\"text-align: left\">Oficialul ungar a adus \u00een discu\u021bie incidentul conductelor Nord Stream, care au fost avariate \u00een urma unor explozii \u00een 2022. \u201eS\u0103 ne amintim c\u0103, de\u0219i a fost vorba despre un atac terorist, Germania nu a impus sanc\u021biuni pentru aceste atacuri\u201d, a subliniat el.<\/p>\n<p style=\"text-align: left\">Guly\u00e1s a continuat s\u0103 abordeze posibilele amenin\u021b\u0103ri la adresa infrastructurii energetice din regiune, inclusiv a conductei TurkStream. Acesta a explicat cadrul de func\u021bionare al NATO, men\u021bion\u00e2nd c\u0103 Alian\u021ba are o natur\u0103 defensiv\u0103, intervenind doar \u00een cazul unui atac asupra teritoriului unui stat membru.<\/p>\n<p style=\"text-align: left\">\u201eConform tratatului de ap\u0103rare, NATO este o alian\u021b\u0103 militar\u0103 defensiv\u0103 care protejeaz\u0103 teritoriul statelor membre\u201d, a spus el, subliniind obliga\u021biile de ap\u0103rare colectiv\u0103 stipulate \u00een tratat. \u201eDac\u0103 TurkStream este atacat pe teritoriul Turciei, acest lucru poate fi considerat un atac asupra Turciei. Totu\u0219i, dac\u0103 atacul se desf\u0103\u0219oar\u0103 \u00een afara teritoriului unui stat membru, nu se consider\u0103 un atac asupra acestuia\u201d, a explicat ministrul.<\/p>\n<p style=\"text-align: left\">\u201eObliga\u021bia NATO de ap\u0103rare se aplic\u0103 doar \u00een cazul unui atac asupra unui stat membru\u201d, a ad\u0103ugat el.<\/p>\n<p style=\"text-align: left\">Disputele dintre Budapesta \u0219i Kiev au crescut \u00een intensitate recent, \u00een special dup\u0103 \u00eentreruperea livr\u0103rilor de petrol prin conducta Drujba, o cale de transport esen\u021bial\u0103 pentru petrolul rusesc c\u0103tre Europa Central\u0103, care sus\u021bine rafin\u0103riile din Ungaria \u0219i Slovacia. Livr\u0103rile au fost suspendate la sf\u00e2r\u0219itul lunii ianuarie, ca urmare a avarierii infrastructurii \u00een urma unor atacuri atribuite Rusiei, iar reluarea acestora a devenit un subiect controversat \u00een rela\u021biile dintre cele dou\u0103 \u021b\u0103ri.<\/p>\n","protected":false},"excerpt":{"rendered":"<p>Gergely Guly\u00e1s, ministrul Cancelariei premierului ungar Viktor Orb\u00e1n, a exprimat recent \u00eengrijor\u0103ri serioase cu privire la posibilele riscuri pe care Ucraina le poate reprezenta pentru infrastructura energetic\u0103 a Europei. Declara\u021biile sale au fost f\u0103cute \u00een cadrul unui eveniment electoral transmis de postul H\u00edr TV. \u201eEste important s\u0103 nu ne facem iluzii: Ucraina poate constitui o [&hellip;]<\/p>\n","protected":false},"author":2,"featured_media":9989,"comment_status":"open","ping_status":"open","sticky":false,"template":"","format":"standard","meta":{"jnews-multi-image_gallery":[],"jnews_single_post":[],"jnews_primary_category":[],"jnews_override_counter":[],"footnotes":""},"categories":[39],"tags":[4053,699,1085,12848,86,12849,682,12847],"class_list":["post-9988","post","type-post","status-publish","format-standard","has-post-thumbnail","hentry","category-stirile-zilei","tag-amenintare","tag-europa","tag-infrastructura-energetica","tag-nord-stream","tag-sanctiuni","tag-turkstream","tag-ucraina","tag-ugerat-ca-destabilizarea-ucrainei-ar-putea-afecta-si-acest-proiect-gulyas"],"_links":{"self":[{"href":"https:\/\/www.newsrecorder.ro\/app\/wp-json\/wp\/v2\/posts\/9988","targetHints":{"allow":["GET"]}}],"collection":[{"href":"https:\/\/www.newsrecorder.ro\/app\/wp-json\/wp\/v2\/posts"}],"about":[{"href":"https:\/\/www.newsrecorder.ro\/app\/wp-json\/wp\/v2\/types\/post"}],"author":[{"embeddable":true,"href":"https:\/\/www.newsrecorder.ro\/app\/wp-json\/wp\/v2\/users\/2"}],"replies":[{"embeddable":true,"href":"https:\/\/www.newsrecorder.ro\/app\/wp-json\/wp\/v2\/comments?post=9988"}],"version-history":[{"count":0,"href":"https:\/\/www.newsrecorder.ro\/app\/wp-json\/wp\/v2\/posts\/9988\/revisions"}],"wp:featuredmedia":[{"embeddable":true,"href":"https:\/\/www.newsrecorder.ro\/app\/wp-json\/wp\/v2\/media\/9989"}],"wp:attachment":[{"href":"https:\/\/www.newsrecorder.ro\/app\/wp-json\/wp\/v2\/media?parent=9988"}],"wp:term":[{"taxonomy":"category","embeddable":true,"href":"https:\/\/www.newsrecorder.ro\/app\/wp-json\/wp\/v2\/categories?post=9988"},{"taxonomy":"post_tag","embeddable":true,"href":"https:\/\/www.newsrecorder.ro\/app\/wp-json\/wp\/v2\/tags?post=9988"}],"curies":[{"name":"wp","href":"https:\/\/api.w.org\/{rel}","templated":true}]}}