{"id":11531,"count":1,"description":"","link":"https:\/\/www.newsrecorder.ro\/app\/tag\/criza-de-lunga-durata\/","name":"criz\u0103 de lung\u0103 durat\u0103","slug":"criza-de-lunga-durata","taxonomy":"post_tag","meta":[],"_links":{"self":[{"href":"https:\/\/www.newsrecorder.ro\/app\/wp-json\/wp\/v2\/tags\/11531","targetHints":{"allow":["GET"]}}],"collection":[{"href":"https:\/\/www.newsrecorder.ro\/app\/wp-json\/wp\/v2\/tags"}],"about":[{"href":"https:\/\/www.newsrecorder.ro\/app\/wp-json\/wp\/v2\/taxonomies\/post_tag"}],"wp:post_type":[{"href":"https:\/\/www.newsrecorder.ro\/app\/wp-json\/wp\/v2\/posts?tags=11531"}],"curies":[{"name":"wp","href":"https:\/\/api.w.org\/{rel}","templated":true}]}}