{"id":15893,"count":2,"description":"","link":"https:\/\/www.newsrecorder.ro\/app\/tag\/dusko-vujosevic\/","name":"du\u0161ko vujo\u0161evi\u0107","slug":"dusko-vujosevic","taxonomy":"post_tag","meta":[],"_links":{"self":[{"href":"https:\/\/www.newsrecorder.ro\/app\/wp-json\/wp\/v2\/tags\/15893","targetHints":{"allow":["GET"]}}],"collection":[{"href":"https:\/\/www.newsrecorder.ro\/app\/wp-json\/wp\/v2\/tags"}],"about":[{"href":"https:\/\/www.newsrecorder.ro\/app\/wp-json\/wp\/v2\/taxonomies\/post_tag"}],"wp:post_type":[{"href":"https:\/\/www.newsrecorder.ro\/app\/wp-json\/wp\/v2\/posts?tags=15893"}],"curies":[{"name":"wp","href":"https:\/\/api.w.org\/{rel}","templated":true}]}}