{"id":2255,"count":1,"description":"","link":"https:\/\/www.newsrecorder.ro\/app\/tag\/saptamana-februarie\/","name":"s\u0103pt\u0103m\u00e2na februarie","slug":"saptamana-februarie","taxonomy":"post_tag","meta":[],"_links":{"self":[{"href":"https:\/\/www.newsrecorder.ro\/app\/wp-json\/wp\/v2\/tags\/2255","targetHints":{"allow":["GET"]}}],"collection":[{"href":"https:\/\/www.newsrecorder.ro\/app\/wp-json\/wp\/v2\/tags"}],"about":[{"href":"https:\/\/www.newsrecorder.ro\/app\/wp-json\/wp\/v2\/taxonomies\/post_tag"}],"wp:post_type":[{"href":"https:\/\/www.newsrecorder.ro\/app\/wp-json\/wp\/v2\/posts?tags=2255"}],"curies":[{"name":"wp","href":"https:\/\/api.w.org\/{rel}","templated":true}]}}