{"id":7165,"count":1,"description":"","link":"https:\/\/www.newsrecorder.ro\/app\/tag\/agricultura-romaneasca\/","name":"agricultur\u0103 rom\u00e2neasc\u0103","slug":"agricultura-romaneasca","taxonomy":"post_tag","meta":[],"_links":{"self":[{"href":"https:\/\/www.newsrecorder.ro\/app\/wp-json\/wp\/v2\/tags\/7165","targetHints":{"allow":["GET"]}}],"collection":[{"href":"https:\/\/www.newsrecorder.ro\/app\/wp-json\/wp\/v2\/tags"}],"about":[{"href":"https:\/\/www.newsrecorder.ro\/app\/wp-json\/wp\/v2\/taxonomies\/post_tag"}],"wp:post_type":[{"href":"https:\/\/www.newsrecorder.ro\/app\/wp-json\/wp\/v2\/posts?tags=7165"}],"curies":[{"name":"wp","href":"https:\/\/api.w.org\/{rel}","templated":true}]}}